{"id":34472,"date":"2023-03-16T19:33:28","date_gmt":"2023-03-16T18:33:28","guid":{"rendered":"http:\/\/centralmedia.rs\/?p=34472"},"modified":"2023-03-21T14:34:01","modified_gmt":"2023-03-21T13:34:01","slug":"poseta-studenata-becu-u-organizaciji-grada-jagodina","status":"publish","type":"post","link":"https:\/\/centralmedia.rs\/index.php\/2023\/03\/16\/poseta-studenata-becu-u-organizaciji-grada-jagodina\/","title":{"rendered":"POSETA STUDENATA BE\u010cU U ORGANIZACIJI GRADA JAGODINA"},"content":{"rendered":"<p>&nbsp;<\/p>\n<p>JAGODINA- Predsednik Skup\u0161tine grada Jagodina Dragan Markovi\u0107 Palma ocenio je da je poseta 350 studenata i privredno-politi\u010dkog dela delegacije Be\u010du bila pozitivna i uspe\u0161na. Studenti i prosvetari su posetili fakultete i kulturno-istorijske znamenitosti grada, dok se privredno-politi\u010dki deo delegacije sastao sa predstavnicima Skup\u0161tine grada Be\u010da, koji su i predstavnici Austrije u Komisiji EU u Briselu, te uspe\u0161nim austrijskim privrednicima. Markovi\u0107 je studente i prosvetare obavestio o tim aktivnostima i va\u017enosti odr\u017eanih sastanaka.<\/p>\n<p>-Ovo nije prva poseta, a ono \u0161to je karakteristika ove je to \u0161to delegaciju \u010dine studenti sa 50 fakulteta. Oni su u Be\u010du bili u prilici da vide \u0161ta rade njihove kolege, sistem obrazovanja, sticanje znanja i ono najva\u017enije, a to je da ne postoje velike razlike ni u obrazovanju, nu u volumenu znanja u odnosu na ono \u0161to oni sti\u010du na na\u0161im fakultetima. \u010cini mi da veliki broj na\u0161ih studenata koji su u Be\u010du ima u sebi ono \u0161to je tokom istorije karakterisalo Srbiju, a to je \u017eelja da se vrate u otad\u017ebinu kada zavr\u0161e svoje obrazovanje, da dolaze i da budu prisutni u Srbiji. Svedok sam da se to sada doga\u0111a i verujem da su upoznali svoje zemljake koji \u0107e se vrati u Srbiju, jer je Srbija zemlja interesantna za \u017eivot, rad i porodicu, rekao je ambasador Srbije Neboj\u0161a Rodi\u0107.<\/p>\n<div id='gallery-1' class='gallery galleryid-34472 gallery-columns-5 gallery-size-thumbnail'><figure class='gallery-item'>\n\t\t\t<div class='gallery-icon landscape'>\n\t\t\t\t<a href='https:\/\/centralmedia.rs\/index.php\/2023\/03\/16\/poseta-studenata-becu-u-organizaciji-grada-jagodina\/luka-i-milica1\/'><img loading=\"lazy\" decoding=\"async\" width=\"150\" height=\"150\" src=\"https:\/\/centralmedia.rs\/wp-content\/uploads\/2023\/03\/luka-i-milica1-150x150.jpg\" class=\"attachment-thumbnail size-thumbnail\" alt=\"\" \/><\/a>\n\t\t\t<\/div><\/figure><figure class='gallery-item'>\n\t\t\t<div class='gallery-icon landscape'>\n\t\t\t\t<a href='https:\/\/centralmedia.rs\/index.php\/2023\/03\/16\/poseta-studenata-becu-u-organizaciji-grada-jagodina\/palma1-25\/'><img loading=\"lazy\" decoding=\"async\" width=\"150\" height=\"150\" src=\"https:\/\/centralmedia.rs\/wp-content\/uploads\/2023\/03\/palma1-2-150x150.jpg\" class=\"attachment-thumbnail size-thumbnail\" alt=\"\" \/><\/a>\n\t\t\t<\/div><\/figure><figure class='gallery-item'>\n\t\t\t<div class='gallery-icon landscape'>\n\t\t\t\t<a href='https:\/\/centralmedia.rs\/index.php\/2023\/03\/16\/poseta-studenata-becu-u-organizaciji-grada-jagodina\/rodic\/'><img loading=\"lazy\" decoding=\"async\" width=\"150\" height=\"150\" src=\"https:\/\/centralmedia.rs\/wp-content\/uploads\/2023\/03\/rodic-150x150.jpg\" class=\"attachment-thumbnail size-thumbnail\" alt=\"\" \/><\/a>\n\t\t\t<\/div><\/figure><figure class='gallery-item'>\n\t\t\t<div class='gallery-icon landscape'>\n\t\t\t\t<a href='https:\/\/centralmedia.rs\/index.php\/2023\/03\/16\/poseta-studenata-becu-u-organizaciji-grada-jagodina\/studenti-12\/'><img loading=\"lazy\" decoding=\"async\" width=\"150\" height=\"150\" src=\"https:\/\/centralmedia.rs\/wp-content\/uploads\/2023\/03\/studenti-1-150x150.jpg\" class=\"attachment-thumbnail size-thumbnail\" alt=\"\" \/><\/a>\n\t\t\t<\/div><\/figure><figure class='gallery-item'>\n\t\t\t<div class='gallery-icon landscape'>\n\t\t\t\t<a href='https:\/\/centralmedia.rs\/index.php\/2023\/03\/16\/poseta-studenata-becu-u-organizaciji-grada-jagodina\/studenti1-6\/'><img loading=\"lazy\" decoding=\"async\" width=\"150\" height=\"150\" src=\"https:\/\/centralmedia.rs\/wp-content\/uploads\/2023\/03\/studenti1-1-150x150.jpg\" class=\"attachment-thumbnail size-thumbnail\" alt=\"\" \/><\/a>\n\t\t\t<\/div><\/figure>\n\t\t<\/div>\n\n<p>Studente su zabavljali Milica Joki\u0107 i Dragi\u0161a Trajkovi\u0107 \u0110ani<\/p>\n","protected":false},"excerpt":{"rendered":"<p>&nbsp; JAGODINA- Predsednik Skup\u0161tine grada Jagodina Dragan Markovi\u0107 Palma ocenio je da je poseta 350 studenata i privredno-politi\u010dkog dela delegacije Be\u010du bila pozitivna i uspe\u0161na. &hellip; <\/p>\n","protected":false},"author":2,"featured_media":34473,"comment_status":"open","ping_status":"open","sticky":false,"template":"","format":"standard","meta":{"footnotes":""},"categories":[1524,2,5643,1514,13,887,12],"tags":[209,58,120,213],"_links":{"self":[{"href":"https:\/\/centralmedia.rs\/index.php\/wp-json\/wp\/v2\/posts\/34472"}],"collection":[{"href":"https:\/\/centralmedia.rs\/index.php\/wp-json\/wp\/v2\/posts"}],"about":[{"href":"https:\/\/centralmedia.rs\/index.php\/wp-json\/wp\/v2\/types\/post"}],"author":[{"embeddable":true,"href":"https:\/\/centralmedia.rs\/index.php\/wp-json\/wp\/v2\/users\/2"}],"replies":[{"embeddable":true,"href":"https:\/\/centralmedia.rs\/index.php\/wp-json\/wp\/v2\/comments?post=34472"}],"version-history":[{"count":1,"href":"https:\/\/centralmedia.rs\/index.php\/wp-json\/wp\/v2\/posts\/34472\/revisions"}],"predecessor-version":[{"id":34479,"href":"https:\/\/centralmedia.rs\/index.php\/wp-json\/wp\/v2\/posts\/34472\/revisions\/34479"}],"wp:featuredmedia":[{"embeddable":true,"href":"https:\/\/centralmedia.rs\/index.php\/wp-json\/wp\/v2\/media\/34473"}],"wp:attachment":[{"href":"https:\/\/centralmedia.rs\/index.php\/wp-json\/wp\/v2\/media?parent=34472"}],"wp:term":[{"taxonomy":"category","embeddable":true,"href":"https:\/\/centralmedia.rs\/index.php\/wp-json\/wp\/v2\/categories?post=34472"},{"taxonomy":"post_tag","embeddable":true,"href":"https:\/\/centralmedia.rs\/index.php\/wp-json\/wp\/v2\/tags?post=34472"}],"curies":[{"name":"wp","href":"https:\/\/api.w.org\/{rel}","templated":true}]}}