{"id":34481,"date":"2023-03-17T20:15:27","date_gmt":"2023-03-17T19:15:27","guid":{"rendered":"http:\/\/centralmedia.rs\/?p=34481"},"modified":"2023-03-21T14:33:52","modified_gmt":"2023-03-21T13:33:52","slug":"odrzana-19-sednica-skupstine-opstine-svilajnac","status":"publish","type":"post","link":"https:\/\/centralmedia.rs\/index.php\/2023\/03\/17\/odrzana-19-sednica-skupstine-opstine-svilajnac\/","title":{"rendered":"ODR\u017dANA 19. SEDNICA SKUP\u0160TINE OP\u0160TINE SVILAJNAC"},"content":{"rendered":"<p>&nbsp;<\/p>\n<p>SVILAJNAC- Devetnaesta redovna sednica SO Svilajnac odr\u017eana je danas uz prisustvo 40 odbornika. Na sednici se raspravljalo o 23 ta\u010dke dnevnog reda, a usvojeni su izve\u0161taji o radu Resavske biblioteke, Centra za kulturu, Centra za socijalni rad \u201eSvilajnac\u201c, Centra za brigu o porodici, \u0160taba za vanredne situacije i Crvenog krsta Svilajnac za 2022. godinu.<\/p>\n<div id='gallery-1' class='gallery galleryid-34481 gallery-columns-3 gallery-size-thumbnail'><figure class='gallery-item'>\n\t\t\t<div class='gallery-icon landscape'>\n\t\t\t\t<a href='https:\/\/centralmedia.rs\/index.php\/2023\/03\/17\/odrzana-19-sednica-skupstine-opstine-svilajnac\/so-svilajnac1-4\/'><img loading=\"lazy\" decoding=\"async\" width=\"150\" height=\"150\" src=\"https:\/\/centralmedia.rs\/wp-content\/uploads\/2023\/03\/so-svilajnac1-150x150.jpg\" class=\"attachment-thumbnail size-thumbnail\" alt=\"\" \/><\/a>\n\t\t\t<\/div><\/figure><figure class='gallery-item'>\n\t\t\t<div class='gallery-icon landscape'>\n\t\t\t\t<a href='https:\/\/centralmedia.rs\/index.php\/2023\/03\/17\/odrzana-19-sednica-skupstine-opstine-svilajnac\/so-svilajnac2-5\/'><img loading=\"lazy\" decoding=\"async\" width=\"150\" height=\"150\" src=\"https:\/\/centralmedia.rs\/wp-content\/uploads\/2023\/03\/so-svilajnac2-150x150.jpg\" class=\"attachment-thumbnail size-thumbnail\" alt=\"\" \/><\/a>\n\t\t\t<\/div><\/figure><figure class='gallery-item'>\n\t\t\t<div class='gallery-icon landscape'>\n\t\t\t\t<a href='https:\/\/centralmedia.rs\/index.php\/2023\/03\/17\/odrzana-19-sednica-skupstine-opstine-svilajnac\/so-svilajnac-15\/'><img loading=\"lazy\" decoding=\"async\" width=\"150\" height=\"150\" src=\"https:\/\/centralmedia.rs\/wp-content\/uploads\/2023\/03\/so-svilajnac-150x150.jpg\" class=\"attachment-thumbnail size-thumbnail\" alt=\"\" \/><\/a>\n\t\t\t<\/div><\/figure>\n\t\t<\/div>\n\n<p>Tako\u0111e, sastav Op\u0161tinskog ve\u0107a je izmenjen, umesto Ivane Miki\u0107 i dr Vere Branisavljevi\u0107, koje su podnele ostavke, za \u010dlanove Op\u0161tinskog ve\u0107a izabrani su Branislav Marinkovi\u0107 i Zoran Radosavljevi\u0107.<\/p>\n<p>Na ovoj sednici ostavke na mesto odbornika Skup\u0161tine op\u0161tine Svilajnac podneli su \u0110ur\u0111ija Brzanovi\u0107 sa liste \u201ePredrag Milanovi\u0107-Svilajnac \u010duva budu\u0107nost\u201c i Slobodan \u0110or\u0111evi\u0107 sa liste \u201eAleksandar Vu\u010di\u0107-za na\u0161u decu\u201c.<\/p>\n<p>Predsednik op\u0161tine Svilajnac Predrag Milanovi\u0107 istakao je da se krenulo sa kompletnom rekonstrukcijom Krive \u010dar\u0161ije i Topli\u010dine ulice i da se u aprilu o\u010dekuje po\u010detak projekta navodnjavanja Resavske celine, kao i nastavak radova na rekonstrukciji puta svilajnac-Medve\u0111a.<\/p>\n","protected":false},"excerpt":{"rendered":"<p>&nbsp; SVILAJNAC- Devetnaesta redovna sednica SO Svilajnac odr\u017eana je danas uz prisustvo 40 odbornika. Na sednici se raspravljalo o 23 ta\u010dke dnevnog reda, a usvojeni &hellip; <\/p>\n","protected":false},"author":2,"featured_media":34482,"comment_status":"open","ping_status":"open","sticky":false,"template":"","format":"standard","meta":{"footnotes":""},"categories":[1524,2,13,887,12,5785,1517],"tags":[39,1233],"_links":{"self":[{"href":"https:\/\/centralmedia.rs\/index.php\/wp-json\/wp\/v2\/posts\/34481"}],"collection":[{"href":"https:\/\/centralmedia.rs\/index.php\/wp-json\/wp\/v2\/posts"}],"about":[{"href":"https:\/\/centralmedia.rs\/index.php\/wp-json\/wp\/v2\/types\/post"}],"author":[{"embeddable":true,"href":"https:\/\/centralmedia.rs\/index.php\/wp-json\/wp\/v2\/users\/2"}],"replies":[{"embeddable":true,"href":"https:\/\/centralmedia.rs\/index.php\/wp-json\/wp\/v2\/comments?post=34481"}],"version-history":[{"count":1,"href":"https:\/\/centralmedia.rs\/index.php\/wp-json\/wp\/v2\/posts\/34481\/revisions"}],"predecessor-version":[{"id":34485,"href":"https:\/\/centralmedia.rs\/index.php\/wp-json\/wp\/v2\/posts\/34481\/revisions\/34485"}],"wp:featuredmedia":[{"embeddable":true,"href":"https:\/\/centralmedia.rs\/index.php\/wp-json\/wp\/v2\/media\/34482"}],"wp:attachment":[{"href":"https:\/\/centralmedia.rs\/index.php\/wp-json\/wp\/v2\/media?parent=34481"}],"wp:term":[{"taxonomy":"category","embeddable":true,"href":"https:\/\/centralmedia.rs\/index.php\/wp-json\/wp\/v2\/categories?post=34481"},{"taxonomy":"post_tag","embeddable":true,"href":"https:\/\/centralmedia.rs\/index.php\/wp-json\/wp\/v2\/tags?post=34481"}],"curies":[{"name":"wp","href":"https:\/\/api.w.org\/{rel}","templated":true}]}}