{"id":34521,"date":"2023-03-21T13:51:35","date_gmt":"2023-03-21T12:51:35","guid":{"rendered":"http:\/\/centralmedia.rs\/?p=34521"},"modified":"2023-03-24T12:13:09","modified_gmt":"2023-03-24T11:13:09","slug":"festival-naboljih-komedija","status":"publish","type":"post","link":"https:\/\/centralmedia.rs\/index.php\/2023\/03\/21\/festival-naboljih-komedija\/","title":{"rendered":"FESTIVAL NAJBOLJIH KOMEDIJA"},"content":{"rendered":"<p>&nbsp;<\/p>\n<p>JAGODINA- Festival smeha, 49. Dane komedije u Jagodini proglasila je otvorenim dramska umetnica Mira Banjac koja je istakla da se komedija vratila ku\u0107i, u svoj festival, aludiraju\u0107i na dvogodi\u0161nju pauzu izazvanu epidemijom korone i naglasila da je to velika stvar i praznik. Pre zvani\u010dnog po\u010detka, otvorena je izlo\u017eba \u201eSva lica Mire Banjac\u201c &#8211; Muzeja pozori\u0161ne umetnosti Vojvodine u Kulturnom centru. Ovogodi\u0161nji festival ima karakter regionalnog jer \u0107e Crnogorsko narodno pozori\u0161te u\u010destvovati u takmi\u010darskom delu.<\/p>\n<div id='gallery-1' class='gallery galleryid-34521 gallery-columns-4 gallery-size-thumbnail'><figure class='gallery-item'>\n\t\t\t<div class='gallery-icon landscape'>\n\t\t\t\t<a href='https:\/\/centralmedia.rs\/index.php\/2023\/03\/21\/festival-naboljih-komedija\/mira-banjac\/'><img loading=\"lazy\" decoding=\"async\" width=\"150\" height=\"150\" src=\"https:\/\/centralmedia.rs\/wp-content\/uploads\/2023\/03\/mira-banjac-150x150.jpg\" class=\"attachment-thumbnail size-thumbnail\" alt=\"\" \/><\/a>\n\t\t\t<\/div><\/figure><figure class='gallery-item'>\n\t\t\t<div class='gallery-icon landscape'>\n\t\t\t\t<a href='https:\/\/centralmedia.rs\/index.php\/2023\/03\/21\/festival-naboljih-komedija\/mira-banjac1\/'><img loading=\"lazy\" decoding=\"async\" width=\"150\" height=\"150\" src=\"https:\/\/centralmedia.rs\/wp-content\/uploads\/2023\/03\/mira-banjac1-150x150.jpg\" class=\"attachment-thumbnail size-thumbnail\" alt=\"\" \/><\/a>\n\t\t\t<\/div><\/figure><figure class='gallery-item'>\n\t\t\t<div class='gallery-icon landscape'>\n\t\t\t\t<a href='https:\/\/centralmedia.rs\/index.php\/2023\/03\/21\/festival-naboljih-komedija\/mira-banjac2\/'><img loading=\"lazy\" decoding=\"async\" width=\"150\" height=\"150\" src=\"https:\/\/centralmedia.rs\/wp-content\/uploads\/2023\/03\/mira-banjac2-150x150.jpg\" class=\"attachment-thumbnail size-thumbnail\" alt=\"\" \/><\/a>\n\t\t\t<\/div><\/figure><figure class='gallery-item'>\n\t\t\t<div class='gallery-icon landscape'>\n\t\t\t\t<a href='https:\/\/centralmedia.rs\/index.php\/2023\/03\/21\/festival-naboljih-komedija\/curani\/'><img loading=\"lazy\" decoding=\"async\" width=\"150\" height=\"150\" src=\"https:\/\/centralmedia.rs\/wp-content\/uploads\/2023\/03\/curani-150x150.jpg\" class=\"attachment-thumbnail size-thumbnail\" alt=\"\" \/><\/a>\n\t\t\t<\/div><\/figure>\n\t\t<\/div>\n\n<p>Odigrana je prva predstava \u201eUbistvo u Orijent ekspresu\u201c &#8211; Agate Kristi u re\u017eiji Darijana Mihajlovi\u0107a i izvo\u0111enju Pozori\u0161ta \u201eBo\u0161ko Buha\u201c iz Beograda. Publika predstavi dala\u00a0 prose\u010dnu ocenu 4,56.<\/p>\n<p>Foto Kulturni centar<\/p>\n<p>&nbsp;<\/p>\n","protected":false},"excerpt":{"rendered":"<p>&nbsp; JAGODINA- Festival smeha, 49. Dane komedije u Jagodini proglasila je otvorenim dramska umetnica Mira Banjac koja je istakla da se komedija vratila ku\u0107i, u &hellip; <\/p>\n","protected":false},"author":2,"featured_media":34527,"comment_status":"open","ping_status":"open","sticky":false,"template":"","format":"standard","meta":{"footnotes":""},"categories":[1524,2,1514,5643,15,887,12],"tags":[506,58],"_links":{"self":[{"href":"https:\/\/centralmedia.rs\/index.php\/wp-json\/wp\/v2\/posts\/34521"}],"collection":[{"href":"https:\/\/centralmedia.rs\/index.php\/wp-json\/wp\/v2\/posts"}],"about":[{"href":"https:\/\/centralmedia.rs\/index.php\/wp-json\/wp\/v2\/types\/post"}],"author":[{"embeddable":true,"href":"https:\/\/centralmedia.rs\/index.php\/wp-json\/wp\/v2\/users\/2"}],"replies":[{"embeddable":true,"href":"https:\/\/centralmedia.rs\/index.php\/wp-json\/wp\/v2\/comments?post=34521"}],"version-history":[{"count":6,"href":"https:\/\/centralmedia.rs\/index.php\/wp-json\/wp\/v2\/posts\/34521\/revisions"}],"predecessor-version":[{"id":34533,"href":"https:\/\/centralmedia.rs\/index.php\/wp-json\/wp\/v2\/posts\/34521\/revisions\/34533"}],"wp:featuredmedia":[{"embeddable":true,"href":"https:\/\/centralmedia.rs\/index.php\/wp-json\/wp\/v2\/media\/34527"}],"wp:attachment":[{"href":"https:\/\/centralmedia.rs\/index.php\/wp-json\/wp\/v2\/media?parent=34521"}],"wp:term":[{"taxonomy":"category","embeddable":true,"href":"https:\/\/centralmedia.rs\/index.php\/wp-json\/wp\/v2\/categories?post=34521"},{"taxonomy":"post_tag","embeddable":true,"href":"https:\/\/centralmedia.rs\/index.php\/wp-json\/wp\/v2\/tags?post=34521"}],"curies":[{"name":"wp","href":"https:\/\/api.w.org\/{rel}","templated":true}]}}