{"id":34534,"date":"2023-03-23T12:24:38","date_gmt":"2023-03-23T11:24:38","guid":{"rendered":"http:\/\/centralmedia.rs\/?p=34534"},"modified":"2023-03-27T13:27:29","modified_gmt":"2023-03-27T11:27:29","slug":"osnovci-otvorili-sezonu-u-muzeju-vostanih-figura","status":"publish","type":"post","link":"https:\/\/centralmedia.rs\/index.php\/2023\/03\/23\/osnovci-otvorili-sezonu-u-muzeju-vostanih-figura\/","title":{"rendered":"OSNOVCI OTVORILI SEZONU U MUZEJU VO\u0160TANIH FIGURA"},"content":{"rendered":"<p>&nbsp;<\/p>\n<p>JAGODINA- Po\u010dela je sezona prole\u0107nih ekskurzija u Muzeju vo\u0161tanih figura u Jagodini. Muzej su danas posetili osnovci iz O\u0160 \u201cMilinko Ku\u0161i\u0107\u201d iz Ivanjice.<\/p>\n<div id='gallery-1' class='gallery galleryid-34534 gallery-columns-4 gallery-size-thumbnail'><figure class='gallery-item'>\n\t\t\t<div class='gallery-icon landscape'>\n\t\t\t\t<a href='https:\/\/centralmedia.rs\/index.php\/2023\/03\/23\/osnovci-otvorili-sezonu-u-muzeju-vostanih-figura\/muzej-2-2\/'><img loading=\"lazy\" decoding=\"async\" width=\"150\" height=\"150\" src=\"https:\/\/centralmedia.rs\/wp-content\/uploads\/2023\/03\/muzej-2-150x150.jpg\" class=\"attachment-thumbnail size-thumbnail\" alt=\"\" \/><\/a>\n\t\t\t<\/div><\/figure><figure class='gallery-item'>\n\t\t\t<div class='gallery-icon landscape'>\n\t\t\t\t<a href='https:\/\/centralmedia.rs\/index.php\/2023\/03\/23\/osnovci-otvorili-sezonu-u-muzeju-vostanih-figura\/muzej-3-2\/'><img loading=\"lazy\" decoding=\"async\" width=\"150\" height=\"150\" src=\"https:\/\/centralmedia.rs\/wp-content\/uploads\/2023\/03\/muzej-3-150x150.jpg\" class=\"attachment-thumbnail size-thumbnail\" alt=\"\" \/><\/a>\n\t\t\t<\/div><\/figure><figure class='gallery-item'>\n\t\t\t<div class='gallery-icon portrait'>\n\t\t\t\t<a href='https:\/\/centralmedia.rs\/index.php\/2023\/03\/23\/osnovci-otvorili-sezonu-u-muzeju-vostanih-figura\/muzej-12\/'><img loading=\"lazy\" decoding=\"async\" width=\"150\" height=\"150\" src=\"https:\/\/centralmedia.rs\/wp-content\/uploads\/2023\/03\/muzej-150x150.jpg\" class=\"attachment-thumbnail size-thumbnail\" alt=\"\" \/><\/a>\n\t\t\t<\/div><\/figure><figure class='gallery-item'>\n\t\t\t<div class='gallery-icon portrait'>\n\t\t\t\t<a href='https:\/\/centralmedia.rs\/index.php\/2023\/03\/23\/osnovci-otvorili-sezonu-u-muzeju-vostanih-figura\/muzej1-3\/'><img loading=\"lazy\" decoding=\"async\" width=\"150\" height=\"150\" src=\"https:\/\/centralmedia.rs\/wp-content\/uploads\/2023\/03\/muzej1-150x150.jpg\" class=\"attachment-thumbnail size-thumbnail\" alt=\"\" \/><\/a>\n\t\t\t<\/div><\/figure>\n\t\t<\/div>\n\n","protected":false},"excerpt":{"rendered":"<p>&nbsp; JAGODINA- Po\u010dela je sezona prole\u0107nih ekskurzija u Muzeju vo\u0161tanih figura u Jagodini. Muzej su danas posetili osnovci iz O\u0160 \u201cMilinko Ku\u0161i\u0107\u201d iz Ivanjice.<\/p>\n","protected":false},"author":2,"featured_media":34536,"comment_status":"open","ping_status":"open","sticky":false,"template":"","format":"standard","meta":{"footnotes":""},"categories":[14,1524,2,1514,5643,887,12],"tags":[6156,58,276],"_links":{"self":[{"href":"https:\/\/centralmedia.rs\/index.php\/wp-json\/wp\/v2\/posts\/34534"}],"collection":[{"href":"https:\/\/centralmedia.rs\/index.php\/wp-json\/wp\/v2\/posts"}],"about":[{"href":"https:\/\/centralmedia.rs\/index.php\/wp-json\/wp\/v2\/types\/post"}],"author":[{"embeddable":true,"href":"https:\/\/centralmedia.rs\/index.php\/wp-json\/wp\/v2\/users\/2"}],"replies":[{"embeddable":true,"href":"https:\/\/centralmedia.rs\/index.php\/wp-json\/wp\/v2\/comments?post=34534"}],"version-history":[{"count":1,"href":"https:\/\/centralmedia.rs\/index.php\/wp-json\/wp\/v2\/posts\/34534\/revisions"}],"predecessor-version":[{"id":34541,"href":"https:\/\/centralmedia.rs\/index.php\/wp-json\/wp\/v2\/posts\/34534\/revisions\/34541"}],"wp:featuredmedia":[{"embeddable":true,"href":"https:\/\/centralmedia.rs\/index.php\/wp-json\/wp\/v2\/media\/34536"}],"wp:attachment":[{"href":"https:\/\/centralmedia.rs\/index.php\/wp-json\/wp\/v2\/media?parent=34534"}],"wp:term":[{"taxonomy":"category","embeddable":true,"href":"https:\/\/centralmedia.rs\/index.php\/wp-json\/wp\/v2\/categories?post=34534"},{"taxonomy":"post_tag","embeddable":true,"href":"https:\/\/centralmedia.rs\/index.php\/wp-json\/wp\/v2\/tags?post=34534"}],"curies":[{"name":"wp","href":"https:\/\/api.w.org\/{rel}","templated":true}]}}