{"id":3455,"date":"2016-06-21T09:43:53","date_gmt":"2016-06-21T09:43:53","guid":{"rendered":"http:\/\/centralmedia.rs\/?p=3455"},"modified":"2017-01-20T02:01:36","modified_gmt":"2017-01-20T02:01:36","slug":"js-srusila-sns-u-rekovcu-ispostovana-izborna-volja-gradana","status":"publish","type":"post","link":"https:\/\/centralmedia.rs\/index.php\/2016\/06\/21\/js-srusila-sns-u-rekovcu-ispostovana-izborna-volja-gradana\/","title":{"rendered":"JS SRU\u0160ILA SNS U REKOVCU-ISPO\u0160TOVANA IZBORNA VOLJA GRA\u0110ANA"},"content":{"rendered":"<p>REKOVAC- Na sednici SO Rekovac za predsednika op\u0161tine izabran je Predrag \u0110or\u0111evi\u0107-SPS, za predsednika SO Goran \u0110or\u0111evi\u0107-JS, oni su ove funkcije obavljali u predhodne \u010detiri godine, za zameniika predsednika SO izabran je dr Predrag Miloradovi\u0107-DS. Novu vlast u Rekovcu od ponedeljka \u010dini koalicija SPS,JS i DS, koja je na taj na\u010din, posle 32 dana od konstitutivne sednice, ,,svrgla\u201c sa vlasti koaliciju SNS, SDS i GG Leva\u010d Lev\u010du. Presudan je bio prelazak odbornika Dragi\u0161e Mini\u0107a iz SNS u JS, te je na taj na\u010din vra\u0107en ligitimitet vlasti, odnosno ravnote\u017ea prema broju odbornika i dobijenom poverenju gra\u0111ana koje su stranke ostvarile na izborima. Naime, predhodna koalicija je do\u0161la na vlast posle prelaska Aleksandre Jovi\u010di\u0107 iz JS u SNS. Tada su SPS i JS zahtevali od Jovi\u010di\u0107ke da vrati mandate, zbog do prekrajanja izborne volje gra\u0111ana, me\u0111utim to se nije dogodilo. U me\u0111uvremenu, \u010detiri odbornika SDS isklju\u010deni su iz stranke, jer su podr\u017eali SNS, te su se oni, prema nezvani\u010dnim informacijama, kao i dva odbornika GG Leva\u010d priklju\u010dli odborni\u010dkoj grupi SNS. Koalicija SPS,JS i DS ima ,,tanku\u201d ve\u0107inu 17 od 33 odbornika. Odbornici SNS napustili su skup\u0161tinsko zasedanje pre smena i imenovanja novih funkcionera, jer smatraju da skup\u0161tina nije bila legitimna i da se dogodilo ,,puno proceduralnih propusta\u201d.Najavljena je \u017ealba Ministarstvu za lokalnu samoupravu . Kako nezvani\u010dno saznajemo, predhodno je dogovarana \u0161ira koalicija SNS, SPS, JS od 30 odbornika, za\u0161to do toga nije do\u0161lo znaju samo akteri, ali za danas su najavljeni razgori lidera tih partija i posle toga bi\u0107e poznat kona\u010dni sastav koalicije koja \u0107e formirati vlast u Rekovcu.<a href=\"https:\/\/centralmedia.rs\/wp-content\/uploads\/2016\/12\/grb.jpg\"><img loading=\"lazy\" decoding=\"async\" class=\"aligncenter size-medium wp-image-6520\" src=\"https:\/\/centralmedia.rs\/wp-content\/uploads\/2016\/12\/grb-210x300.jpg\" alt=\"\" width=\"210\" height=\"300\" srcset=\"https:\/\/centralmedia.rs\/wp-content\/uploads\/2016\/12\/grb-210x300.jpg 210w, https:\/\/centralmedia.rs\/wp-content\/uploads\/2016\/12\/grb.jpg 276w\" sizes=\"(max-width: 210px) 100vw, 210px\" \/><\/a><\/p>\n<p><strong><em>Pozitivni primeri Razglednica iz Rekovca \u2013 Projekat se realizuje uz pomo\u0107 sredstava iz bud\u017eeta Op\u0161tine Rekovac.<\/em><\/strong><\/p>\n","protected":false},"excerpt":{"rendered":"<p>REKOVAC- Na sednici SO Rekovac za predsednika op\u0161tine izabran je Predrag \u0110or\u0111evi\u0107-SPS, za predsednika SO Goran \u0110or\u0111evi\u0107-JS, oni su ove funkcije obavljali u predhodne \u010detiri &hellip; <\/p>\n","protected":false},"author":4,"featured_media":3151,"comment_status":"open","ping_status":"open","sticky":false,"template":"","format":"standard","meta":{"footnotes":""},"categories":[1524,2,13,887,1519,12],"tags":[372,702,812,441,406],"_links":{"self":[{"href":"https:\/\/centralmedia.rs\/index.php\/wp-json\/wp\/v2\/posts\/3455"}],"collection":[{"href":"https:\/\/centralmedia.rs\/index.php\/wp-json\/wp\/v2\/posts"}],"about":[{"href":"https:\/\/centralmedia.rs\/index.php\/wp-json\/wp\/v2\/types\/post"}],"author":[{"embeddable":true,"href":"https:\/\/centralmedia.rs\/index.php\/wp-json\/wp\/v2\/users\/4"}],"replies":[{"embeddable":true,"href":"https:\/\/centralmedia.rs\/index.php\/wp-json\/wp\/v2\/comments?post=3455"}],"version-history":[{"count":0,"href":"https:\/\/centralmedia.rs\/index.php\/wp-json\/wp\/v2\/posts\/3455\/revisions"}],"wp:featuredmedia":[{"embeddable":true,"href":"https:\/\/centralmedia.rs\/index.php\/wp-json\/wp\/v2\/media\/3151"}],"wp:attachment":[{"href":"https:\/\/centralmedia.rs\/index.php\/wp-json\/wp\/v2\/media?parent=3455"}],"wp:term":[{"taxonomy":"category","embeddable":true,"href":"https:\/\/centralmedia.rs\/index.php\/wp-json\/wp\/v2\/categories?post=3455"},{"taxonomy":"post_tag","embeddable":true,"href":"https:\/\/centralmedia.rs\/index.php\/wp-json\/wp\/v2\/tags?post=3455"}],"curies":[{"name":"wp","href":"https:\/\/api.w.org\/{rel}","templated":true}]}}