{"id":34619,"date":"2023-03-28T18:15:39","date_gmt":"2023-03-28T16:15:39","guid":{"rendered":"http:\/\/centralmedia.rs\/?p=34619"},"modified":"2023-04-05T13:28:16","modified_gmt":"2023-04-05T11:28:16","slug":"vise-povredenih-u-jagodini-foto","status":"publish","type":"post","link":"https:\/\/centralmedia.rs\/index.php\/2023\/03\/28\/vise-povredenih-u-jagodini-foto\/","title":{"rendered":"VI\u0160E POVRE\u0110ENIH U JAGODINI (FOTO)"},"content":{"rendered":"<p>&nbsp;<\/p>\n<p>JAGODINA- Vi\u0161e gra\u0111ana Jagodine lak\u0161e je povre\u0111eno oko 16.45 sati kada je jak vetar oborio dvadesetak metara limene krovne kostrukcije sa vi\u0161espratne zgrade u centru Jagodine koja je pala na trotoar. Gra\u0111ani i taksisti ka\u017eu da je nalet vetra bio veoma jak i da se \u010dula velika buka. Limeni krov je lak\u0161e povredio vi\u0161e gra\u0111ana koji su se zatekli veoma frekfentnoj gradskoj zoni. Hitna pomo\u0107 je intervenisala i prevezla povre\u0111ene, vatrogasci su obezbedili mesto nezgode.<\/p>\n<div id='gallery-1' class='gallery galleryid-34619 gallery-columns-3 gallery-size-thumbnail'><figure class='gallery-item'>\n\t\t\t<div class='gallery-icon landscape'>\n\t\t\t\t<a href='https:\/\/centralmedia.rs\/index.php\/2023\/03\/28\/vise-povredenih-u-jagodini-foto\/krov1\/'><img loading=\"lazy\" decoding=\"async\" width=\"150\" height=\"150\" src=\"https:\/\/centralmedia.rs\/wp-content\/uploads\/2023\/03\/krov1-150x150.jpg\" class=\"attachment-thumbnail size-thumbnail\" alt=\"\" \/><\/a>\n\t\t\t<\/div><\/figure><figure class='gallery-item'>\n\t\t\t<div class='gallery-icon landscape'>\n\t\t\t\t<a href='https:\/\/centralmedia.rs\/index.php\/2023\/03\/28\/vise-povredenih-u-jagodini-foto\/krov2\/'><img loading=\"lazy\" decoding=\"async\" width=\"150\" height=\"150\" src=\"https:\/\/centralmedia.rs\/wp-content\/uploads\/2023\/03\/krov2-150x150.jpg\" class=\"attachment-thumbnail size-thumbnail\" alt=\"\" \/><\/a>\n\t\t\t<\/div><\/figure><figure class='gallery-item'>\n\t\t\t<div class='gallery-icon landscape'>\n\t\t\t\t<a href='https:\/\/centralmedia.rs\/index.php\/2023\/03\/28\/vise-povredenih-u-jagodini-foto\/krov\/'><img loading=\"lazy\" decoding=\"async\" width=\"150\" height=\"150\" src=\"https:\/\/centralmedia.rs\/wp-content\/uploads\/2023\/03\/krov-150x150.jpg\" class=\"attachment-thumbnail size-thumbnail\" alt=\"\" \/><\/a>\n\t\t\t<\/div><\/figure>\n\t\t<\/div>\n\n","protected":false},"excerpt":{"rendered":"<p>&nbsp; JAGODINA- Vi\u0161e gra\u0111ana Jagodine lak\u0161e je povre\u0111eno oko 16.45 sati kada je jak vetar oborio dvadesetak metara limene krovne kostrukcije sa vi\u0161espratne zgrade u &hellip; <\/p>\n","protected":false},"author":2,"featured_media":34620,"comment_status":"open","ping_status":"open","sticky":false,"template":"","format":"standard","meta":{"footnotes":""},"categories":[1524,20,2,5643,1514,887,12],"tags":[58,6162,6161],"_links":{"self":[{"href":"https:\/\/centralmedia.rs\/index.php\/wp-json\/wp\/v2\/posts\/34619"}],"collection":[{"href":"https:\/\/centralmedia.rs\/index.php\/wp-json\/wp\/v2\/posts"}],"about":[{"href":"https:\/\/centralmedia.rs\/index.php\/wp-json\/wp\/v2\/types\/post"}],"author":[{"embeddable":true,"href":"https:\/\/centralmedia.rs\/index.php\/wp-json\/wp\/v2\/users\/2"}],"replies":[{"embeddable":true,"href":"https:\/\/centralmedia.rs\/index.php\/wp-json\/wp\/v2\/comments?post=34619"}],"version-history":[{"count":1,"href":"https:\/\/centralmedia.rs\/index.php\/wp-json\/wp\/v2\/posts\/34619\/revisions"}],"predecessor-version":[{"id":34623,"href":"https:\/\/centralmedia.rs\/index.php\/wp-json\/wp\/v2\/posts\/34619\/revisions\/34623"}],"wp:featuredmedia":[{"embeddable":true,"href":"https:\/\/centralmedia.rs\/index.php\/wp-json\/wp\/v2\/media\/34620"}],"wp:attachment":[{"href":"https:\/\/centralmedia.rs\/index.php\/wp-json\/wp\/v2\/media?parent=34619"}],"wp:term":[{"taxonomy":"category","embeddable":true,"href":"https:\/\/centralmedia.rs\/index.php\/wp-json\/wp\/v2\/categories?post=34619"},{"taxonomy":"post_tag","embeddable":true,"href":"https:\/\/centralmedia.rs\/index.php\/wp-json\/wp\/v2\/tags?post=34619"}],"curies":[{"name":"wp","href":"https:\/\/api.w.org\/{rel}","templated":true}]}}