{"id":34628,"date":"2023-03-29T15:16:59","date_gmt":"2023-03-29T13:16:59","guid":{"rendered":"http:\/\/centralmedia.rs\/?p=34628"},"modified":"2023-03-31T16:12:07","modified_gmt":"2023-03-31T14:12:07","slug":"pritvor-ubici-majke-petoro-dece","status":"publish","type":"post","link":"https:\/\/centralmedia.rs\/index.php\/2023\/03\/29\/pritvor-ubici-majke-petoro-dece\/","title":{"rendered":"PRITVOR UBICI MAJKE PETORO DECE"},"content":{"rendered":"<p>&nbsp;<\/p>\n<p>JAGODINA- U Vi\u0161em sudu u Jagodini danas je odre\u0111en pritvor do 30 dana B.M. (46) osumnji\u010denom za ubistvo A.K. (35), majki petoro dece. Oni su bili u emotivnoj vezi. Osumnji\u010deni se branio \u0107utanjem kada je izveden pred Vi\u0161e tu\u017eila\u0161tvo. Pritvor mu je odre\u0111en zbog uticaja na svedoke i uznemirenja javnostI.<\/p>\n<p>SAOP\u0160TENJE CENTRA ZA SOCIJALNI RAD POVODOM UBISTVA A.K.<\/p>\n<p>Povodom slu\u010daja ubistva A. K. (35) u Jagodini, Centar za socijalni rad Jagodina isti\u010de da je u poslednjih mesec dana postupao u vezi sa predmetom poveravanja dece nakon prekida bra\u010dne zajednice ubijene i supruga D. K. Centar za socijalni rad bio je upu\u0107en da je ubijena A. K. zapo\u010dela emotivnu vezu sa B. M. koji je osumnji\u010den da je po\u010dinio njeno ubistvo i koji je zbog toga uhap\u0161en.<\/p>\n<p>Stru\u010dni radnik CSR koji je radio na ovom predmetu procenio je da stariju decu treba poveriti ocu, a mla\u0111u staviti pod starateljstvo babe po majci, budu\u0107i da je procenjeno da okru\u017eenje u kome se A. K. nalazila nije bilo bezbedno za nju i maloletnu decu.<\/p>\n<p>\u017drtva je ipak najmla\u0111e dete povela sa sobom, na \u0161ta je reagovao psiholog CSR Jagodina nalo\u017eiv\u0161i majci, pod pretnjom policije, da vrati dete babi, \u0161to je ona i u\u010dinila.<\/p>\n<p>Ovakvom pravovremenom reakcijom i ispravnom stru\u010dnom procenom psihologa obezbe\u0111eno je sigurno okru\u017eenje za najmla\u0111e dete.<\/p>\n<p>Pres slu\u017eba Ministarstva za brigu o porodici i demografiju<\/p>\n","protected":false},"excerpt":{"rendered":"<p>&nbsp; JAGODINA- U Vi\u0161em sudu u Jagodini danas je odre\u0111en pritvor do 30 dana B.M. (46) osumnji\u010denom za ubistvo A.K. (35), majki petoro dece. Oni &hellip; <\/p>\n","protected":false},"author":2,"featured_media":34629,"comment_status":"open","ping_status":"open","sticky":false,"template":"","format":"standard","meta":{"footnotes":""},"categories":[1524,20,2,1514,5643,887,12],"tags":[58,2110,482],"_links":{"self":[{"href":"https:\/\/centralmedia.rs\/index.php\/wp-json\/wp\/v2\/posts\/34628"}],"collection":[{"href":"https:\/\/centralmedia.rs\/index.php\/wp-json\/wp\/v2\/posts"}],"about":[{"href":"https:\/\/centralmedia.rs\/index.php\/wp-json\/wp\/v2\/types\/post"}],"author":[{"embeddable":true,"href":"https:\/\/centralmedia.rs\/index.php\/wp-json\/wp\/v2\/users\/2"}],"replies":[{"embeddable":true,"href":"https:\/\/centralmedia.rs\/index.php\/wp-json\/wp\/v2\/comments?post=34628"}],"version-history":[{"count":2,"href":"https:\/\/centralmedia.rs\/index.php\/wp-json\/wp\/v2\/posts\/34628\/revisions"}],"predecessor-version":[{"id":34631,"href":"https:\/\/centralmedia.rs\/index.php\/wp-json\/wp\/v2\/posts\/34628\/revisions\/34631"}],"wp:featuredmedia":[{"embeddable":true,"href":"https:\/\/centralmedia.rs\/index.php\/wp-json\/wp\/v2\/media\/34629"}],"wp:attachment":[{"href":"https:\/\/centralmedia.rs\/index.php\/wp-json\/wp\/v2\/media?parent=34628"}],"wp:term":[{"taxonomy":"category","embeddable":true,"href":"https:\/\/centralmedia.rs\/index.php\/wp-json\/wp\/v2\/categories?post=34628"},{"taxonomy":"post_tag","embeddable":true,"href":"https:\/\/centralmedia.rs\/index.php\/wp-json\/wp\/v2\/tags?post=34628"}],"curies":[{"name":"wp","href":"https:\/\/api.w.org\/{rel}","templated":true}]}}