{"id":34655,"date":"2023-04-01T13:06:16","date_gmt":"2023-04-01T11:06:16","guid":{"rendered":"http:\/\/centralmedia.rs\/?p=34655"},"modified":"2023-04-05T12:40:23","modified_gmt":"2023-04-05T10:40:23","slug":"palma-novinari-ne-treba-da-idu-u-zatvor","status":"publish","type":"post","link":"https:\/\/centralmedia.rs\/index.php\/2023\/04\/01\/palma-novinari-ne-treba-da-idu-u-zatvor\/","title":{"rendered":"PALMA : NOVINARI NE TREBA DA IDU U ZATVOR"},"content":{"rendered":"<p>&nbsp;<\/p>\n<p>\u201cDragan Vu\u010di\u0107evi\u0107 je jedini novinar koji ono \u0161to pi\u0161e to i govori i \u010desto gostuje na televizijama sa nacionalnom frekvencijom i nekome je to zasmetalo. On uvek ima i materijalne dokaze i \u010dinjenice za ono \u0161to ka\u017ee. Ja mislim da \u0107e ta sudska presuda biti preispitana i mislim da novinari ne treba da idu u zatvor. Sve \u0161to je poslednjih 7 \u2013 8 godina predvideo Dragan Vu\u010di\u0107evi\u0107 se i desilo, kao \u0161to je rekao \u0161ta \u0107e da se desi predsedniku Srbije Aleksandru Vu\u010di\u0107u kada je odlazio u Srebrenicu i to se i desilo. Njegov iskren stav ga je sada i ko\u0161tao, kao i njegovi stavovi o opziciji u Srbiji. Opozicija u Srbiji nije se borila i ne bori se protiv stranaka koje \u010dine vlast na na\u010din da ka\u017eu \u201cmi \u0107emo bolje da uradimo to i to, mi \u0107emo vi\u0161e kilometara puteva da uradimo, mi \u0107emo vi\u0161e fabrika da dovedemo, nego samo su se bavili napadom na Vu\u010di\u0107a i Vu\u010di\u0107evi\u0107 im je na to odgovarao i zbog toga je do\u0161ao u situaciju da bude osu\u0111en. To nije udar samo na Vu\u010di\u0107evi\u0107a, to je indirektno i udar na Aleksandra Vu\u010di\u0107a\u201d, izjavio je, gostuju\u0107i na televiziji Pink predsednik Jedinstvene Srbije Dragan Markovi\u0107 Palma. \u201cJa mislim da treba da se sakupi novac i da se plati ta kazna i da on bude primer svima ostalima. Nepravda nad Draganom Vu\u010di\u0107evi\u0107em se desila tom sudskom presudom, ali je platio kaznu. Moj savet mu je da ne ide u zatvor, ve\u0107 da se plati kazna. Dragan Vu\u010di\u0107evi\u0107 treba Srbiji. On je pozitivno govorio o onome \u0161to radi predsednik Srbije radi i ogromna ve\u0107ina gra\u0111ana Srbije je stava da Aleksandar Vu\u010di\u0107 dobro radi svoj posao i da su njegova dela vidljiva i da ni\u0161ta vi\u0161e u Srbiji nije isto kao pre 10 i vi\u0161e godina. Dragan Vu\u010di\u0107evi\u0107 je nacionalista, patriota i doma\u0107in. Za mene je on pravi novinar i on treba Srbiji, ne Aleksandru Vu\u010di\u0107u, nego Srbiji\u201d, kazao je Markovi\u0107.<\/p>\n<p><img loading=\"lazy\" decoding=\"async\" class=\"alignnone wp-image-34657 size-large\" src=\"http:\/\/centralmedia.rs\/wp-content\/uploads\/2023\/04\/palma-pink-1024x575.jpg\" alt=\"\" width=\"640\" height=\"359\" srcset=\"https:\/\/centralmedia.rs\/wp-content\/uploads\/2023\/04\/palma-pink-1024x575.jpg 1024w, https:\/\/centralmedia.rs\/wp-content\/uploads\/2023\/04\/palma-pink-300x168.jpg 300w, https:\/\/centralmedia.rs\/wp-content\/uploads\/2023\/04\/palma-pink-768x431.jpg 768w, https:\/\/centralmedia.rs\/wp-content\/uploads\/2023\/04\/palma-pink-748x420.jpg 748w, https:\/\/centralmedia.rs\/wp-content\/uploads\/2023\/04\/palma-pink-640x359.jpg 640w, https:\/\/centralmedia.rs\/wp-content\/uploads\/2023\/04\/palma-pink-681x382.jpg 681w, https:\/\/centralmedia.rs\/wp-content\/uploads\/2023\/04\/palma-pink.jpg 1600w\" sizes=\"(max-width: 640px) 100vw, 640px\" \/><\/p>\n<p>&nbsp;<\/p>\n<p>BASTA JE LUPIO<\/p>\n<p>\u201cTo \u0161to je rekao Rade Basta o uvo\u0111enju sankcija Rusiji od strane Srbije je trenutak njegove slabosti i mi smo razgovarali o tome i rekao sam mu da on ne mo\u017ee tako da se pona\u0161a i on je obe\u0107ao da u narednom vremenskom periodu vi\u0161e ne\u0107e tako ne\u0161to da uradi, jer on ne mo\u017ee solo da daje izjave, on je ministar, \u010dlan Vlade Srbije koja je kolektivni organ, a to \u0161to je Basta rekao nije ni stav ni program Jedinstvene Srbije, ni na\u0161eg koalicionog partnera SPS. Ja takve izjave ne opravdavam, ali sa druge strane Rade Basta ni\u0161ta nije ni ukrao ni proneverio, osim \u0161to je, mogu slobodno da ka\u017eem, lupio. Dr\u017eava Srbija ni gra\u0111ani Srbije nisu imali \u0161tetu od te izjave. Basta mi je rekao da razmi\u0161lja o osnivanju nove stranke i ako on misli da \u0107e mu tako biti bolje i da \u0107e imati vi\u0161e glasova sre\u0107an mu put. Koalicija SPS \u2013 Jedinstvena Srbija podr\u017eava ono \u0161to radi Aleksandar Vu\u010di\u0107\u201d, istakao je Markovi\u0107.<\/p>\n<p>SVI DA PODR\u017dIMO NARODNI POKRET ZA DR\u017dAVU SRBIJU KOJI JE NAJAVIO VU\u010cI\u0106<\/p>\n<p>\u201cSvi treba da podr\u017eimo Narodni pokret za dr\u017eavu Srbiju \u010dije je osnivanje najavio Aleksandar Vu\u010di\u0107 i ne samo politi\u010dari, ve\u0107 i svi obi\u010dni ljudi, sportisti i ostali. I tako da podr\u017eimo Srbiju, ne Vu\u010di\u0107a, kakav bre Vu\u010di\u0107, Srbiju da podr\u017eimo, a Vu\u010di\u0107 je taj koji \u0107e da nas vodi, jer je on dobio najve\u0107i broj glasova gra\u0111ana Srbije. Da li ga neko voli ili mrzi to je njegova stvar, ali on ima odgovornost, a mi svi zajedno da mu damo vetar u le\u0111a\u201d, rekao je predsednik Jedinstvene Srbije Dragan Markovi\u0107 Palma.<\/p>\n","protected":false},"excerpt":{"rendered":"<p>&nbsp; \u201cDragan Vu\u010di\u0107evi\u0107 je jedini novinar koji ono \u0161to pi\u0161e to i govori i \u010desto gostuje na televizijama sa nacionalnom frekvencijom i nekome je to &hellip; <\/p>\n","protected":false},"author":2,"featured_media":34656,"comment_status":"open","ping_status":"open","sticky":false,"template":"","format":"standard","meta":{"footnotes":""},"categories":[1524,2,5643,1514,13,887,12],"tags":[6167,524,120,6166],"_links":{"self":[{"href":"https:\/\/centralmedia.rs\/index.php\/wp-json\/wp\/v2\/posts\/34655"}],"collection":[{"href":"https:\/\/centralmedia.rs\/index.php\/wp-json\/wp\/v2\/posts"}],"about":[{"href":"https:\/\/centralmedia.rs\/index.php\/wp-json\/wp\/v2\/types\/post"}],"author":[{"embeddable":true,"href":"https:\/\/centralmedia.rs\/index.php\/wp-json\/wp\/v2\/users\/2"}],"replies":[{"embeddable":true,"href":"https:\/\/centralmedia.rs\/index.php\/wp-json\/wp\/v2\/comments?post=34655"}],"version-history":[{"count":1,"href":"https:\/\/centralmedia.rs\/index.php\/wp-json\/wp\/v2\/posts\/34655\/revisions"}],"predecessor-version":[{"id":34658,"href":"https:\/\/centralmedia.rs\/index.php\/wp-json\/wp\/v2\/posts\/34655\/revisions\/34658"}],"wp:featuredmedia":[{"embeddable":true,"href":"https:\/\/centralmedia.rs\/index.php\/wp-json\/wp\/v2\/media\/34656"}],"wp:attachment":[{"href":"https:\/\/centralmedia.rs\/index.php\/wp-json\/wp\/v2\/media?parent=34655"}],"wp:term":[{"taxonomy":"category","embeddable":true,"href":"https:\/\/centralmedia.rs\/index.php\/wp-json\/wp\/v2\/categories?post=34655"},{"taxonomy":"post_tag","embeddable":true,"href":"https:\/\/centralmedia.rs\/index.php\/wp-json\/wp\/v2\/tags?post=34655"}],"curies":[{"name":"wp","href":"https:\/\/api.w.org\/{rel}","templated":true}]}}