{"id":34659,"date":"2023-04-01T14:50:07","date_gmt":"2023-04-01T12:50:07","guid":{"rendered":"http:\/\/centralmedia.rs\/?p=34659"},"modified":"2023-04-05T12:40:37","modified_gmt":"2023-04-05T10:40:37","slug":"zenski-centar-zena-za-zenu","status":"publish","type":"post","link":"https:\/\/centralmedia.rs\/index.php\/2023\/04\/01\/zenski-centar-zena-za-zenu\/","title":{"rendered":"\u017dENSKI CENTAR \u2013 \u017dENA ZA \u017dENU"},"content":{"rendered":"<p>&nbsp;<\/p>\n<p>JAGODINA- Udru\u017eenje \u017denski centar &#8211; \u00a0\u017dena za \u017eenu iz Jagodine osnovano je u septembru pro\u0161le godine sa namerom da pokrene inicijativu za promenu zakonskih regulativa vezanih za Porodi\u010dno pravo.<\/p>\n<p>-Svedoci smo da je majka, ali \u017eene uop\u0161teno, u nepovoljnom polo\u017eaju u dru\u0161tvu. \u017dene su odgovorne za odrastanje i vaspitavanje dece sa akcentom na samohrane roditelje, udovice koje samostalno podi\u017eu decu. Njihova materijalna situacija je te\u0161ka i nezavidna. To je motiv da se okupimo, osnujemo udru\u017eenje, prihvatila sam odgovornost da zastupam i predstavljam u javnosti \u017eene. Cilj nam je da kroz promenu zakonske regulative visina aplimetacija bude uskla\u0111ena sa realnim tro\u0161kovima \u017eivota, kao i odgovornosti i anga\u017eovanje oba roditelja u odrastanju deteta. Bez obzira ko od roditelja vr\u0161i starateljsko pravo, oba roditelja bi podjenako trebalo da u\u010destvuju u podizanju i odgajanju dece. U fokusu su deca, natalitet i ra\u0111anje. Izradili smo program pod nazivom ,, Da Republika Srbija pru\u017ei sigurnost \u017eeni u te\u0161kim vremenima,da sa voljom ra\u0111a i daruje srpskom narodu natalitet\u201c, kazala je predsednica tog udru\u017eenja Ivana Markovi\u0107 i dodala da \u0107e predlozi izmena zakonske regulative i\u0107i u pravcu dobre evropske prakse.<\/p>\n<p>Drugi program ovog udru\u017eenja odnosi se na nasilje, zlostavljanje i zanemarivanje, kako u porodici tako i van porodice.<\/p>\n","protected":false},"excerpt":{"rendered":"<p>&nbsp; JAGODINA- Udru\u017eenje \u017denski centar &#8211; \u00a0\u017dena za \u017eenu iz Jagodine osnovano je u septembru pro\u0161le godine sa namerom da pokrene inicijativu za promenu zakonskih &hellip; <\/p>\n","protected":false},"author":2,"featured_media":34662,"comment_status":"open","ping_status":"open","sticky":false,"template":"","format":"standard","meta":{"footnotes":""},"categories":[33,1524,2,1514,5643,23,887],"tags":[58,2602,103],"_links":{"self":[{"href":"https:\/\/centralmedia.rs\/index.php\/wp-json\/wp\/v2\/posts\/34659"}],"collection":[{"href":"https:\/\/centralmedia.rs\/index.php\/wp-json\/wp\/v2\/posts"}],"about":[{"href":"https:\/\/centralmedia.rs\/index.php\/wp-json\/wp\/v2\/types\/post"}],"author":[{"embeddable":true,"href":"https:\/\/centralmedia.rs\/index.php\/wp-json\/wp\/v2\/users\/2"}],"replies":[{"embeddable":true,"href":"https:\/\/centralmedia.rs\/index.php\/wp-json\/wp\/v2\/comments?post=34659"}],"version-history":[{"count":1,"href":"https:\/\/centralmedia.rs\/index.php\/wp-json\/wp\/v2\/posts\/34659\/revisions"}],"predecessor-version":[{"id":34661,"href":"https:\/\/centralmedia.rs\/index.php\/wp-json\/wp\/v2\/posts\/34659\/revisions\/34661"}],"wp:featuredmedia":[{"embeddable":true,"href":"https:\/\/centralmedia.rs\/index.php\/wp-json\/wp\/v2\/media\/34662"}],"wp:attachment":[{"href":"https:\/\/centralmedia.rs\/index.php\/wp-json\/wp\/v2\/media?parent=34659"}],"wp:term":[{"taxonomy":"category","embeddable":true,"href":"https:\/\/centralmedia.rs\/index.php\/wp-json\/wp\/v2\/categories?post=34659"},{"taxonomy":"post_tag","embeddable":true,"href":"https:\/\/centralmedia.rs\/index.php\/wp-json\/wp\/v2\/tags?post=34659"}],"curies":[{"name":"wp","href":"https:\/\/api.w.org\/{rel}","templated":true}]}}