{"id":34691,"date":"2023-04-06T13:18:22","date_gmt":"2023-04-06T11:18:22","guid":{"rendered":"http:\/\/centralmedia.rs\/?p=34691"},"modified":"2023-04-09T00:38:49","modified_gmt":"2023-04-08T22:38:49","slug":"vaskrsnji-cas-na-fpnj","status":"publish","type":"post","link":"https:\/\/centralmedia.rs\/index.php\/2023\/04\/06\/vaskrsnji-cas-na-fpnj\/","title":{"rendered":"VASKR\u0160NJI \u010cAS NA FPNJ"},"content":{"rendered":"<p>&nbsp;<\/p>\n<p>JAGODINA-Fakultet pedago\u0161kih nauka u Jagodini, u\u010ditelji i verou\u010ditelji svih jagodinskih \u0161kola i ove godine organizovali su veliki Vaskr\u0161nji \u010das kome je prisustvovalo oko dve stotine u\u010denika \u010detvrtog razreda. Kao i do sada, studenti zavr\u0161nih godina odr\u017eali su \u010dasove muzi\u010dke i likovne kulture, srpskog jezika i prirode i dru\u0161tva. \u010casovi su tematski vezani za predstoje\u0107e praznike.<\/p>\n<p>-Najva\u017eniji cilj nam je dobra atmosfera, dru\u017eenje i u\u010denje u duhu me\u0111usobnog uva\u017eavanja. Ova aktivnost se odr\u017eava prvi put posle pauze izazvane pandemijom, tako da se sve jagodinske \u0161kole, crkvena opp\u0161tina jagodinska, mali\u0161ani i studenti raduju jednom neobi\u010dnom obliku nastave, kazala je prodekan za nastavu prof dr Ilijana \u010cutura.<\/p>\n<div id='gallery-1' class='gallery galleryid-34691 gallery-columns-5 gallery-size-thumbnail'><figure class='gallery-item'>\n\t\t\t<div class='gallery-icon landscape'>\n\t\t\t\t<a href='https:\/\/centralmedia.rs\/index.php\/2023\/04\/06\/vaskrsnji-cas-na-fpnj\/vaskrsnji-cas1\/'><img loading=\"lazy\" decoding=\"async\" width=\"150\" height=\"150\" src=\"https:\/\/centralmedia.rs\/wp-content\/uploads\/2023\/04\/vaskrsnji-cas1-150x150.jpg\" class=\"attachment-thumbnail size-thumbnail\" alt=\"\" \/><\/a>\n\t\t\t<\/div><\/figure><figure class='gallery-item'>\n\t\t\t<div class='gallery-icon landscape'>\n\t\t\t\t<a href='https:\/\/centralmedia.rs\/index.php\/2023\/04\/06\/vaskrsnji-cas-na-fpnj\/vaskrsnji-cas2\/'><img loading=\"lazy\" decoding=\"async\" width=\"150\" height=\"150\" src=\"https:\/\/centralmedia.rs\/wp-content\/uploads\/2023\/04\/vaskrsnji-cas2-150x150.jpg\" class=\"attachment-thumbnail size-thumbnail\" alt=\"\" \/><\/a>\n\t\t\t<\/div><\/figure><figure class='gallery-item'>\n\t\t\t<div class='gallery-icon landscape'>\n\t\t\t\t<a href='https:\/\/centralmedia.rs\/index.php\/2023\/04\/06\/vaskrsnji-cas-na-fpnj\/vaskrsnji-cas3\/'><img loading=\"lazy\" decoding=\"async\" width=\"150\" height=\"150\" src=\"https:\/\/centralmedia.rs\/wp-content\/uploads\/2023\/04\/vaskrsnji-cas3-150x150.jpg\" class=\"attachment-thumbnail size-thumbnail\" alt=\"\" \/><\/a>\n\t\t\t<\/div><\/figure><figure class='gallery-item'>\n\t\t\t<div class='gallery-icon landscape'>\n\t\t\t\t<a href='https:\/\/centralmedia.rs\/index.php\/2023\/04\/06\/vaskrsnji-cas-na-fpnj\/vaskrsnji-cas4\/'><img loading=\"lazy\" decoding=\"async\" width=\"150\" height=\"150\" src=\"https:\/\/centralmedia.rs\/wp-content\/uploads\/2023\/04\/vaskrsnji-cas4-150x150.jpg\" class=\"attachment-thumbnail size-thumbnail\" alt=\"\" \/><\/a>\n\t\t\t<\/div><\/figure><figure class='gallery-item'>\n\t\t\t<div class='gallery-icon landscape'>\n\t\t\t\t<a href='https:\/\/centralmedia.rs\/index.php\/2023\/04\/06\/vaskrsnji-cas-na-fpnj\/vaskrsnji-cas5\/'><img loading=\"lazy\" decoding=\"async\" width=\"150\" height=\"150\" src=\"https:\/\/centralmedia.rs\/wp-content\/uploads\/2023\/04\/vaskrsnji-cas5-150x150.jpg\" class=\"attachment-thumbnail size-thumbnail\" alt=\"\" \/><\/a>\n\t\t\t<\/div><\/figure>\n\t\t<\/div>\n\n","protected":false},"excerpt":{"rendered":"<p>&nbsp; JAGODINA-Fakultet pedago\u0161kih nauka u Jagodini, u\u010ditelji i verou\u010ditelji svih jagodinskih \u0161kola i ove godine organizovali su veliki Vaskr\u0161nji \u010das kome je prisustvovalo oko dve &hellip; <\/p>\n","protected":false},"author":2,"featured_media":34692,"comment_status":"open","ping_status":"open","sticky":false,"template":"","format":"standard","meta":{"footnotes":""},"categories":[14,1524,2,1514,5643,887,12],"tags":[2531,6172],"_links":{"self":[{"href":"https:\/\/centralmedia.rs\/index.php\/wp-json\/wp\/v2\/posts\/34691"}],"collection":[{"href":"https:\/\/centralmedia.rs\/index.php\/wp-json\/wp\/v2\/posts"}],"about":[{"href":"https:\/\/centralmedia.rs\/index.php\/wp-json\/wp\/v2\/types\/post"}],"author":[{"embeddable":true,"href":"https:\/\/centralmedia.rs\/index.php\/wp-json\/wp\/v2\/users\/2"}],"replies":[{"embeddable":true,"href":"https:\/\/centralmedia.rs\/index.php\/wp-json\/wp\/v2\/comments?post=34691"}],"version-history":[{"count":1,"href":"https:\/\/centralmedia.rs\/index.php\/wp-json\/wp\/v2\/posts\/34691\/revisions"}],"predecessor-version":[{"id":34698,"href":"https:\/\/centralmedia.rs\/index.php\/wp-json\/wp\/v2\/posts\/34691\/revisions\/34698"}],"wp:featuredmedia":[{"embeddable":true,"href":"https:\/\/centralmedia.rs\/index.php\/wp-json\/wp\/v2\/media\/34692"}],"wp:attachment":[{"href":"https:\/\/centralmedia.rs\/index.php\/wp-json\/wp\/v2\/media?parent=34691"}],"wp:term":[{"taxonomy":"category","embeddable":true,"href":"https:\/\/centralmedia.rs\/index.php\/wp-json\/wp\/v2\/categories?post=34691"},{"taxonomy":"post_tag","embeddable":true,"href":"https:\/\/centralmedia.rs\/index.php\/wp-json\/wp\/v2\/tags?post=34691"}],"curies":[{"name":"wp","href":"https:\/\/api.w.org\/{rel}","templated":true}]}}