{"id":34699,"date":"2023-04-07T15:29:48","date_gmt":"2023-04-07T13:29:48","guid":{"rendered":"http:\/\/centralmedia.rs\/?p=34699"},"modified":"2023-04-09T00:39:39","modified_gmt":"2023-04-08T22:39:39","slug":"palma-pojacati-ekonomsku-saradnju-srbije-i-grcke-i-ubrzati-protok-ljudi-i-roba-na-granici-izmedu-severne-makedonije-i-grcke","status":"publish","type":"post","link":"https:\/\/centralmedia.rs\/index.php\/2023\/04\/07\/palma-pojacati-ekonomsku-saradnju-srbije-i-grcke-i-ubrzati-protok-ljudi-i-roba-na-granici-izmedu-severne-makedonije-i-grcke\/","title":{"rendered":"PALMA : POJA\u010cATI EKONOMSKU SARADNJU SRBIJE I GR\u010cKE I UBRZATI PROTOK LJUDI I ROBA NA GRANICI IZME\u0110U SEVERNE MAKEDONIJE I GR\u010cKE"},"content":{"rendered":"<p>JAGODINA-\u00a0Danas je predsednik Jedinstvene Srbije Dragan Markovi\u0107 Palma imao sastanak u Privrednoj komori oblasti Solun sa predsednikom te komore Anastasiosom Kapnolisom, predsednikom Gr\u010dko &#8211; Srpske privredne komore Kostasom Georgakosom, njegovim zamenikom i srpskom ko\u0161arka\u0161kom legendom Banetom Prelevi\u0107em kao i \u010dlanovima Predsedni\u0161tva Privredne komore oblasti Solun. \u201ePotrebno je poja\u010dati ekonomsku saradnju izme\u0111u Srbije i Gr\u010dke, a za to je najva\u017enije da se ne \u010deka na granici izme\u0111u Severne Makedonije i Gr\u010dke, kao \u0161to su do sada \u010dekali kamioni kada je u pitanju prevoz roba u Gr\u010dku, zatim da putnici, turisti iz Srbije manje \u010dekaju, a to mo\u017ee da se re\u0161i pove\u0107anjem broja carinika i policajaca na granici izme\u0111u Severne Makedonije i Gr\u010dke\u201c, rekao je svojim doma\u0107inima u Solunu Markovi\u0107. \u201eDogovorili smo danas i da jedna privredna delegacija iz Solunske regije do\u0111e u Srbiju i da obi\u0111u Srbiju, kao i Jagodinu i da u toj delegaciji budu vlasnici velikih kompanija, a cilj svega je pove\u0107anje ekonomske saradnje izme\u0111u Srbije i Gr\u010dke, koja danas nije srazmerna prijateljskim i bratskim odnosima dve zemlje\u201c, kazao je Markovi\u0107 i istakao veliku va\u017enost u tom kontekstu inicijative predsednika Srbije Aleksandra Vu\u010di\u0107a \u201eOtvoreni Balkan\u201c, \u010diji deo je i Severna Makedonija koja je va\u017ena destinacija na protoku ljudi i roba iz pravca Srbije u Gr\u010dku. Sastanku u Solunu su prisustvovali i narodni poslanik \u017divota Star\u010devi\u0107 i na\u010delnik Pomoravskog okruga Goran Milosavljevi\u0107.<\/p>\n<p><img loading=\"lazy\" decoding=\"async\" class=\"alignnone wp-image-34701 size-large\" src=\"http:\/\/centralmedia.rs\/wp-content\/uploads\/2023\/04\/SOLUN-1024x576.jpg\" alt=\"\" width=\"640\" height=\"360\" srcset=\"https:\/\/centralmedia.rs\/wp-content\/uploads\/2023\/04\/SOLUN-1024x576.jpg 1024w, https:\/\/centralmedia.rs\/wp-content\/uploads\/2023\/04\/SOLUN-300x169.jpg 300w, https:\/\/centralmedia.rs\/wp-content\/uploads\/2023\/04\/SOLUN-768x432.jpg 768w, https:\/\/centralmedia.rs\/wp-content\/uploads\/2023\/04\/SOLUN-747x420.jpg 747w, https:\/\/centralmedia.rs\/wp-content\/uploads\/2023\/04\/SOLUN-640x360.jpg 640w, https:\/\/centralmedia.rs\/wp-content\/uploads\/2023\/04\/SOLUN-681x383.jpg 681w, https:\/\/centralmedia.rs\/wp-content\/uploads\/2023\/04\/SOLUN.jpg 1600w\" sizes=\"(max-width: 640px) 100vw, 640px\" \/><\/p>\n","protected":false},"excerpt":{"rendered":"<p>JAGODINA-\u00a0Danas je predsednik Jedinstvene Srbije Dragan Markovi\u0107 Palma imao sastanak u Privrednoj komori oblasti Solun sa predsednikom te komore Anastasiosom Kapnolisom, predsednikom Gr\u010dko &#8211; Srpske &hellip; <\/p>\n","protected":false},"author":2,"featured_media":34700,"comment_status":"open","ping_status":"open","sticky":false,"template":"","format":"standard","meta":{"footnotes":""},"categories":[1524,2,5643,1514,13,887,12],"tags":[6173,120,1536,841],"_links":{"self":[{"href":"https:\/\/centralmedia.rs\/index.php\/wp-json\/wp\/v2\/posts\/34699"}],"collection":[{"href":"https:\/\/centralmedia.rs\/index.php\/wp-json\/wp\/v2\/posts"}],"about":[{"href":"https:\/\/centralmedia.rs\/index.php\/wp-json\/wp\/v2\/types\/post"}],"author":[{"embeddable":true,"href":"https:\/\/centralmedia.rs\/index.php\/wp-json\/wp\/v2\/users\/2"}],"replies":[{"embeddable":true,"href":"https:\/\/centralmedia.rs\/index.php\/wp-json\/wp\/v2\/comments?post=34699"}],"version-history":[{"count":3,"href":"https:\/\/centralmedia.rs\/index.php\/wp-json\/wp\/v2\/posts\/34699\/revisions"}],"predecessor-version":[{"id":34704,"href":"https:\/\/centralmedia.rs\/index.php\/wp-json\/wp\/v2\/posts\/34699\/revisions\/34704"}],"wp:featuredmedia":[{"embeddable":true,"href":"https:\/\/centralmedia.rs\/index.php\/wp-json\/wp\/v2\/media\/34700"}],"wp:attachment":[{"href":"https:\/\/centralmedia.rs\/index.php\/wp-json\/wp\/v2\/media?parent=34699"}],"wp:term":[{"taxonomy":"category","embeddable":true,"href":"https:\/\/centralmedia.rs\/index.php\/wp-json\/wp\/v2\/categories?post=34699"},{"taxonomy":"post_tag","embeddable":true,"href":"https:\/\/centralmedia.rs\/index.php\/wp-json\/wp\/v2\/tags?post=34699"}],"curies":[{"name":"wp","href":"https:\/\/api.w.org\/{rel}","templated":true}]}}