{"id":3475,"date":"2016-06-23T20:34:39","date_gmt":"2016-06-23T20:34:39","guid":{"rendered":"http:\/\/centralmedia.rs\/?p=3475"},"modified":"2017-01-20T02:00:25","modified_gmt":"2017-01-20T02:00:25","slug":"vidovdanske-svecanosti","status":"publish","type":"post","link":"https:\/\/centralmedia.rs\/index.php\/2016\/06\/23\/vidovdanske-svecanosti\/","title":{"rendered":"VIDOVDANSKE SVE\u010cANOSTI"},"content":{"rendered":"<p>25. JUN \u2013 SUBOTA:<br \/>\nMUZEJ U \u0106UPRIJI<br \/>\n19:00 IZLO\u017dBA SREDNJEVEKOVNOG ORU\u017dJA U MUZEJU ,, HOREUM MARGI,,<br \/>\n26. JUN &#8211; NEDELJA:<br \/>\nPORTA MANASTIRA RAVANICA<br \/>\n10:00 DRU\u017dENJE LIKOVNIH UMETNIKA U PORTI MANASTIRA RAVANICA<br \/>\n17:00 KUD ,, \u017dELEZNI\u010cAR,,- \u0106UPRIJA I KUD ,, BRANKO CVETKOVI\u0106,, &#8211; BEOGRAD<br \/>\nDOM KULTURE U SENJU<br \/>\n18.00 IZLO\u017dBA SLIKA IZ FUNDUSA LIKOVNE KOLONIJE RAVANICA<br \/>\n27. JUN \u2013 PONEDELjAK :<br \/>\nPORTA MANASTIRA RAVANICA<br \/>\n18:30 IGROKAZ KNEZ LAZAR I KNEGINJA MILICA NARODNO POZORI\u0160TE<br \/>\n19:30 RUSKI ANSAMBL IZ SANKT PETERBURGA<br \/>\n20:00 KONCERT- ETNO GRUPA DULE RESAVAC &#8211; ,,STOIKS\u201d I MARKO MARKOVI\u0106<\/p>\n<p>28. JUN \u2013 UTORAK<br \/>\nPORTA MANASTIRA RAVANICA<br \/>\n10:00-18:00 SVIBOR<br \/>\n10:00 DE\u010cIJA RADIONICA<br \/>\n12:00 HIMNA &#8211; HOR ,,DAR\u201d<br \/>\nOBRA\u0106ANJE ZVANI\u010cNIKA<br \/>\nNUMERA \u2013 HOR ,, DAR ,,<br \/>\nMUZI\u010cKI TRIO: MILICA ERI\u0106,ALEKSANDRA TRAJKOVI\u0106, SARA PETROVI\u0106- 1.MUZI\u010cKA NUMERA \u2013 ,, PESMA SVETOM CARU LAZARU,, &#8211; VLADIKE NIKOLAJA<br \/>\nBORIS VAJAGI\u0106 &#8211; ,,KAZIVANjE O KOSOVU\u201d<br \/>\nMUZI\u010cKI TRIO -2. MUZI\u010cKA NUMERA :,,OJ, KOSOVO, KOSOVO\u201d , LjUBE MANASIJEVI\u0106A<br \/>\nAN\u0110ELA PAVLOVI\u0106 &#8211; ,, KAZIVANjE O VIDOVDANU\u201d<br \/>\nPESMA SA KOSOVA: ,, CRVEN CVETE,, , JELENA STANOJEVI\u0106 -SOPRAN I JOVAN STANOJEVI\u0106 \u2013 HARMONIKA<br \/>\n\u0160OMO : TRI FLAUTE<br \/>\nMELODIJA NA HARMONICI<br \/>\nFOLKLOR : KUD ,, RAVANICA,, I DRU\u0160TVO ,, PETRUS ,, &#8211; ZABREGA<br \/>\n16.30 KONCERT IVANE JORDAN<\/p>\n","protected":false},"excerpt":{"rendered":"<p>25. JUN \u2013 SUBOTA: MUZEJ U \u0106UPRIJI 19:00 IZLO\u017dBA SREDNJEVEKOVNOG ORU\u017dJA U MUZEJU ,, HOREUM MARGI,, 26. JUN &#8211; NEDELJA: PORTA MANASTIRA RAVANICA 10:00 DRU\u017dENJE &hellip; <\/p>\n","protected":false},"author":4,"featured_media":3476,"comment_status":"open","ping_status":"open","sticky":false,"template":"","format":"standard","meta":{"footnotes":""},"categories":[1515,1524,2,16,12],"tags":[44,386,903],"_links":{"self":[{"href":"https:\/\/centralmedia.rs\/index.php\/wp-json\/wp\/v2\/posts\/3475"}],"collection":[{"href":"https:\/\/centralmedia.rs\/index.php\/wp-json\/wp\/v2\/posts"}],"about":[{"href":"https:\/\/centralmedia.rs\/index.php\/wp-json\/wp\/v2\/types\/post"}],"author":[{"embeddable":true,"href":"https:\/\/centralmedia.rs\/index.php\/wp-json\/wp\/v2\/users\/4"}],"replies":[{"embeddable":true,"href":"https:\/\/centralmedia.rs\/index.php\/wp-json\/wp\/v2\/comments?post=3475"}],"version-history":[{"count":0,"href":"https:\/\/centralmedia.rs\/index.php\/wp-json\/wp\/v2\/posts\/3475\/revisions"}],"wp:featuredmedia":[{"embeddable":true,"href":"https:\/\/centralmedia.rs\/index.php\/wp-json\/wp\/v2\/media\/3476"}],"wp:attachment":[{"href":"https:\/\/centralmedia.rs\/index.php\/wp-json\/wp\/v2\/media?parent=3475"}],"wp:term":[{"taxonomy":"category","embeddable":true,"href":"https:\/\/centralmedia.rs\/index.php\/wp-json\/wp\/v2\/categories?post=3475"},{"taxonomy":"post_tag","embeddable":true,"href":"https:\/\/centralmedia.rs\/index.php\/wp-json\/wp\/v2\/tags?post=3475"}],"curies":[{"name":"wp","href":"https:\/\/api.w.org\/{rel}","templated":true}]}}