{"id":3478,"date":"2016-06-24T05:27:05","date_gmt":"2016-06-24T05:27:05","guid":{"rendered":"http:\/\/centralmedia.rs\/?p=3478"},"modified":"2016-06-24T05:27:05","modified_gmt":"2016-06-24T05:27:05","slug":"jagodinski-biciklisti-u-akciji-budi-brza-od-kancera","status":"publish","type":"post","link":"https:\/\/centralmedia.rs\/index.php\/2016\/06\/24\/jagodinski-biciklisti-u-akciji-budi-brza-od-kancera\/","title":{"rendered":"JAGODINSKI BICIKLISTI U AKCIJI ,,BUDI BR\u017dA OD KANCERA&#8221;"},"content":{"rendered":"<p>JAGODINA-Udru\u017eenje Jagodinski biciklisti od danas do 1 jula u akciji ,,Budi br\u017ea od kancerar\u201d pre\u0107i \u0107e 600 kilometara I obi\u0107i 10 gradova u Srbiji. Oni \u0107e deliti flajere sa porukom ,,Budi br\u017ea od kancera\u201d.<div id='gallery-1' class='gallery galleryid-3478 gallery-columns-2 gallery-size-large'><figure class='gallery-item'>\n\t\t\t<div class='gallery-icon portrait'>\n\t\t\t\t<a href='https:\/\/centralmedia.rs\/index.php\/2016\/06\/24\/jagodinski-biciklisti-u-akciji-budi-brza-od-kancera\/flajer\/'><img loading=\"lazy\" decoding=\"async\" width=\"257\" height=\"540\" src=\"https:\/\/centralmedia.rs\/wp-content\/uploads\/2016\/06\/flajer-e1466745926418.jpg\" class=\"attachment-large size-large\" alt=\"\" \/><\/a>\n\t\t\t<\/div><\/figure><figure class='gallery-item'>\n\t\t\t<div class='gallery-icon portrait'>\n\t\t\t\t<a href='https:\/\/centralmedia.rs\/index.php\/2016\/06\/24\/jagodinski-biciklisti-u-akciji-budi-brza-od-kancera\/flajer-1\/'><img loading=\"lazy\" decoding=\"async\" width=\"257\" height=\"540\" src=\"https:\/\/centralmedia.rs\/wp-content\/uploads\/2016\/06\/flajer-1.jpg\" class=\"attachment-large size-large\" alt=\"\" srcset=\"https:\/\/centralmedia.rs\/wp-content\/uploads\/2016\/06\/flajer-1.jpg 257w, https:\/\/centralmedia.rs\/wp-content\/uploads\/2016\/06\/flajer-1-143x300.jpg 143w\" sizes=\"(max-width: 257px) 100vw, 257px\" \/><\/a>\n\t\t\t<\/div><\/figure>\n\t\t<\/div>\n<\/p>\n","protected":false},"excerpt":{"rendered":"<p>JAGODINA-Udru\u017eenje Jagodinski biciklisti od danas do 1 jula u akciji ,,Budi br\u017ea od kancerar\u201d pre\u0107i \u0107e 600 kilometara I obi\u0107i 10 gradova u Srbiji. Oni &hellip; <\/p>\n","protected":false},"author":4,"featured_media":3398,"comment_status":"open","ping_status":"open","sticky":false,"template":"","format":"standard","meta":{"footnotes":""},"categories":[2,21],"tags":[905,904,884],"_links":{"self":[{"href":"https:\/\/centralmedia.rs\/index.php\/wp-json\/wp\/v2\/posts\/3478"}],"collection":[{"href":"https:\/\/centralmedia.rs\/index.php\/wp-json\/wp\/v2\/posts"}],"about":[{"href":"https:\/\/centralmedia.rs\/index.php\/wp-json\/wp\/v2\/types\/post"}],"author":[{"embeddable":true,"href":"https:\/\/centralmedia.rs\/index.php\/wp-json\/wp\/v2\/users\/4"}],"replies":[{"embeddable":true,"href":"https:\/\/centralmedia.rs\/index.php\/wp-json\/wp\/v2\/comments?post=3478"}],"version-history":[{"count":0,"href":"https:\/\/centralmedia.rs\/index.php\/wp-json\/wp\/v2\/posts\/3478\/revisions"}],"wp:featuredmedia":[{"embeddable":true,"href":"https:\/\/centralmedia.rs\/index.php\/wp-json\/wp\/v2\/media\/3398"}],"wp:attachment":[{"href":"https:\/\/centralmedia.rs\/index.php\/wp-json\/wp\/v2\/media?parent=3478"}],"wp:term":[{"taxonomy":"category","embeddable":true,"href":"https:\/\/centralmedia.rs\/index.php\/wp-json\/wp\/v2\/categories?post=3478"},{"taxonomy":"post_tag","embeddable":true,"href":"https:\/\/centralmedia.rs\/index.php\/wp-json\/wp\/v2\/tags?post=3478"}],"curies":[{"name":"wp","href":"https:\/\/api.w.org\/{rel}","templated":true}]}}