{"id":34817,"date":"2023-04-20T15:23:52","date_gmt":"2023-04-20T13:23:52","guid":{"rendered":"http:\/\/centralmedia.rs\/?p=34817"},"modified":"2023-05-11T01:02:56","modified_gmt":"2023-05-10T23:02:56","slug":"obavestenje-za-maturante-osnovnih-i-srednjih-skola-u-jagodini","status":"publish","type":"post","link":"https:\/\/centralmedia.rs\/index.php\/2023\/04\/20\/obavestenje-za-maturante-osnovnih-i-srednjih-skola-u-jagodini\/","title":{"rendered":"OBAVE\u0160TENjE ZA MATURANTE OSNOVNIH I SREDNJIH \u0160KOLA U JAGODINI"},"content":{"rendered":"<p>&nbsp;<\/p>\n<p style=\"text-align: center;\"><strong>Ta\u010dno u podne, 19. maja 2023. godine, na centralnom gradskom trgu u Jagodini, na\u0161i maturanti osnovnih i srednjih \u0161kola odigra\u0107e tradicionalni \u201eMaturski ples\u201c i biti deo velikog EVROPSKOG PROJEKTA \u201eEvropski kadril dens festival\u201c<\/strong><strong>, stoji u obave\u0161tenju Skup\u0161tine grada Jagodina<\/strong><strong>.<\/strong><\/p>\n<div id='gallery-1' class='gallery galleryid-34817 gallery-columns-3 gallery-size-thumbnail'><figure class='gallery-item'>\n\t\t\t<div class='gallery-icon landscape'>\n\t\t\t\t<a href='https:\/\/centralmedia.rs\/index.php\/2023\/04\/20\/obavestenje-za-maturante-osnovnih-i-srednjih-skola-u-jagodini\/fotografije-maturski-ples-2\/'><img loading=\"lazy\" decoding=\"async\" width=\"150\" height=\"150\" src=\"https:\/\/centralmedia.rs\/wp-content\/uploads\/2023\/04\/FOTOGRAFIJE-MATURSKI-PLES-2-150x150.jpg\" class=\"attachment-thumbnail size-thumbnail\" alt=\"\" \/><\/a>\n\t\t\t<\/div><\/figure><figure class='gallery-item'>\n\t\t\t<div class='gallery-icon landscape'>\n\t\t\t\t<a href='https:\/\/centralmedia.rs\/index.php\/2023\/04\/20\/obavestenje-za-maturante-osnovnih-i-srednjih-skola-u-jagodini\/fotografije-maturski-ples-3\/'><img loading=\"lazy\" decoding=\"async\" width=\"150\" height=\"150\" src=\"https:\/\/centralmedia.rs\/wp-content\/uploads\/2023\/04\/FOTOGRAFIJE-MATURSKI-PLES-3-150x150.jpg\" class=\"attachment-thumbnail size-thumbnail\" alt=\"\" \/><\/a>\n\t\t\t<\/div><\/figure><figure class='gallery-item'>\n\t\t\t<div class='gallery-icon landscape'>\n\t\t\t\t<a href='https:\/\/centralmedia.rs\/index.php\/2023\/04\/20\/obavestenje-za-maturante-osnovnih-i-srednjih-skola-u-jagodini\/fotografije-maturski-ples-4\/'><img loading=\"lazy\" decoding=\"async\" width=\"150\" height=\"150\" src=\"https:\/\/centralmedia.rs\/wp-content\/uploads\/2023\/04\/FOTOGRAFIJE-MATURSKI-PLES-4-150x150.jpg\" class=\"attachment-thumbnail size-thumbnail\" alt=\"\" \/><\/a>\n\t\t\t<\/div><\/figure>\n\t\t<\/div>\n\n<p style=\"text-align: center;\"><strong>Svi maturanti, u isto vreme, \u0161irom Evrope, ta\u010dno u podne, plesa\u0107e istu koreografiju kadrila, poznatog francuskog plesa, uz kompoziciju \u201eSlepi mi\u0161\u201c Johana \u0160trausa, a muzika \u0107e se emitovati preko satelitskog radija.<\/strong><\/p>\n<p style=\"text-align: center;\"><strong>Pozivamo na\u0161e maturante da ove godine budu me\u0111u onima koji \u0107e svojim plesom poku\u0161ati da se upi\u0161u u Ginisovu knjigu rekorda i po\u0161alju lepu sliku svetu iz Jagodine, sa Skvera omladine.<\/strong><\/p>\n<p style=\"text-align: center;\"><strong>Dragi roditelji i ljudi dobre volje pozivamo Vas da svojim prisustvom uveli\u010damo me\u0111unarodno dru\u017eenje, u Jagodini!<\/strong><\/p>\n<p style=\"text-align: center;\"><strong>\u00a0<\/strong><\/p>\n<p style=\"text-align: center;\"><strong>JEDNA OD NAJLEP\u0160IH SLIKA KOJU PRU\u017dA JAGODINA,<\/strong><\/p>\n<p style=\"text-align: center;\"><strong>VELIKI EVROPSKI PROJEKAT, TRADICIONALNI \u201eMATURSKI PLES\u201c,<\/strong><\/p>\n<p style=\"text-align: center;\"><strong>PONOVO \u0106E BITI ODR\u017dAN, TA\u010cNO U PODNE,<\/strong><\/p>\n<ol style=\"text-align: center;\" start=\"19\">\n<li><strong> MAJA NA CENTRALNOM GRADSKOM TRGU<\/strong><\/li>\n<\/ol>\n<p style=\"text-align: center;\">\n","protected":false},"excerpt":{"rendered":"<p>&nbsp; Ta\u010dno u podne, 19. maja 2023. godine, na centralnom gradskom trgu u Jagodini, na\u0161i maturanti osnovnih i srednjih \u0161kola odigra\u0107e tradicionalni \u201eMaturski ples\u201c i &hellip; <\/p>\n","protected":false},"author":2,"featured_media":34818,"comment_status":"open","ping_status":"open","sticky":false,"template":"","format":"standard","meta":{"footnotes":""},"categories":[1524,2,5643,1514,23,887,3055],"tags":[58,6184],"_links":{"self":[{"href":"https:\/\/centralmedia.rs\/index.php\/wp-json\/wp\/v2\/posts\/34817"}],"collection":[{"href":"https:\/\/centralmedia.rs\/index.php\/wp-json\/wp\/v2\/posts"}],"about":[{"href":"https:\/\/centralmedia.rs\/index.php\/wp-json\/wp\/v2\/types\/post"}],"author":[{"embeddable":true,"href":"https:\/\/centralmedia.rs\/index.php\/wp-json\/wp\/v2\/users\/2"}],"replies":[{"embeddable":true,"href":"https:\/\/centralmedia.rs\/index.php\/wp-json\/wp\/v2\/comments?post=34817"}],"version-history":[{"count":1,"href":"https:\/\/centralmedia.rs\/index.php\/wp-json\/wp\/v2\/posts\/34817\/revisions"}],"predecessor-version":[{"id":34821,"href":"https:\/\/centralmedia.rs\/index.php\/wp-json\/wp\/v2\/posts\/34817\/revisions\/34821"}],"wp:featuredmedia":[{"embeddable":true,"href":"https:\/\/centralmedia.rs\/index.php\/wp-json\/wp\/v2\/media\/34818"}],"wp:attachment":[{"href":"https:\/\/centralmedia.rs\/index.php\/wp-json\/wp\/v2\/media?parent=34817"}],"wp:term":[{"taxonomy":"category","embeddable":true,"href":"https:\/\/centralmedia.rs\/index.php\/wp-json\/wp\/v2\/categories?post=34817"},{"taxonomy":"post_tag","embeddable":true,"href":"https:\/\/centralmedia.rs\/index.php\/wp-json\/wp\/v2\/tags?post=34817"}],"curies":[{"name":"wp","href":"https:\/\/api.w.org\/{rel}","templated":true}]}}