{"id":34837,"date":"2023-04-21T17:53:08","date_gmt":"2023-04-21T15:53:08","guid":{"rendered":"http:\/\/centralmedia.rs\/?p=34837"},"modified":"2023-04-25T12:22:25","modified_gmt":"2023-04-25T10:22:25","slug":"palma-nema-potrebe-za-sednicama-skupstine-srbije-o-kim-svakih-nedelju-dana-svi-sve-znamo-treba-nam-jedinstvo","status":"publish","type":"post","link":"https:\/\/centralmedia.rs\/index.php\/2023\/04\/21\/palma-nema-potrebe-za-sednicama-skupstine-srbije-o-kim-svakih-nedelju-dana-svi-sve-znamo-treba-nam-jedinstvo\/","title":{"rendered":"PALMA : NEMA POTREBE ZA SEDNICAMA SKUP\u0160TINE SRBIJE O KiM SVAKIH NEDELJU DANA, SVI SVE ZNAMO, TREBA NAM JEDINSTVO"},"content":{"rendered":"<p>&nbsp;<\/p>\n<p>\u201cDanas je u Srbiji, po pitanju najve\u0107eg problema, Kosova i Metohije, najva\u017enije jedinstvo svih politi\u010dkih partija, a toga danas nema. I sada neki ka\u017eu \u201cajmo svake nedelje sednice Skup\u0161tine Srbije o Kosovu i Metohiji\u201d, a svi znamo sve i svi znamo koliki je pritisak na Srbiju i svi znamo koliko se bore i Aleksandar Vu\u010di\u0107 i Ivica Da\u010di\u0107. Zapad \u017eeli da opravda NATO agresiju na Srbiju 1999. godine i da nam otmu Kosovo. I ja molim sve partije o poziciju i opoziciju da mi budemo oko tog pitanja jedinstveni. Evo sada su lokalni izbori na severu KiM i oni \u0107e da proglase rezultate izbora, iako \u0107e na te izbore iza\u0107i 2 posto stanovni\u0161tva albanske nacionalnosti, od kojih 1 posto zaista \u017eivi na severu KiM. I \u0161ta mi da radimo ? Da se sva\u0111amo u parlamentu, ponavljamo jedno te isto, donosimo deklaracije\u00a0 rezolucije, koje smo donosili mnogo puta, a koje nam niko nije prihvatio. Ali ipak me\u0111unarodna zajednica respektuje Srbiju. Najbolja potvrda za to je jo\u0161 jedna nema\u010dka fabrika koja je otvorena u Valjevu i danas u nema\u010dkim fabrikama \u0161irom Srbije radi ukupno 80 000 na\u0161ih gra\u0111ana\u201d, rekao je predsednik i \u0161ef poslani\u010dke grupe Jedinstvene Srbije Dragan Markovi\u0107 Palma u svom dana\u0161njem govoru u parlamentu.<\/p>\n<p>MINISTRI NE \u010cITAJTE, GOVORITE IZ GLAVE<\/p>\n<p>\u201cJedinstvena Srbija \u0107e glasati za sve ta\u010dke dnevnog reda Skup\u0161tine Srbije, mislim da ministri dobro rade i da \u0107e realizovati sve \u0161to su danas rekli u parlamentu. Ali imam jednu primedbu. Nemojte da se naljutite ministri, ali svi bre \u010ditate \u201cDobar dan po\u0161tovani\u201d, pa podignete glavu, a onda opet \u010ditate. Vi ministri predstavljate odre\u0111ene resore i samo jedan od ministara nije \u010ditao. Ovaj za telekomunikacije (Mihailo Jovanovi\u0107) nas \u201cubi\u201d, \u010ditao je sat i deset minuta. Nije to kritika ili napad, ali ako predstavlja\u0161 svoj resor, u\u010di bre celu no\u0107, ako ti to nije zanimanje. Mora onaj ko te gleda da vidi da ti to zna\u0161, a ja znam da znate. Iz glave ima da pri\u010date da ka\u017ee narod \u201covakav nam treba\u201d. Ako \u010ditate, onda \u0107e da ka\u017eu \u201cneko mu je napisao govor\u201d. Ovaj bre sat i deset minuta i sunce granulo i obla\u010dilo se i ki\u0161a pala, a on i dalje \u010dita. Mora\u0161 kra\u0107e, za deset minuta da te svi razumeju, Ja nemam pojma \u0161ta je rekao\u201d, ka\u017ee Markovi\u0107.<\/p>\n<p>MORA SUBVENCIJA I ZA MU\u0160KO TELE, NE SAMO ZA \u017dENSKO<\/p>\n<p>\u201cMoram da pohvalim ministarku poljoprivrede. Nikada nije bio ve\u0107i bud\u017eet za poljoprivredu nego danas, 80 milijardi dinara. To jeste velika cifra i treba tako da bude. Ali po\u0161to je kod vas u ministarstvu statistika, Vi treba da ka\u017eete poljoprivrednicima \u0161ta treba da seju slede\u0107e godine i koja je to roba deficitirana na tr\u017ei\u0161tu, da li je to prase\u0107e, jagnje\u0107e, tele\u0107e meso ili ne\u0161to drugo. Evo sad oko Uskrsa nije bilo prasi\u0107a i cena je bila 550 dinara za kilogram \u017eive vage, ali kada do\u0111ete na tezgu ima onaj ko je sa jedne strane tezge i onaj ko je sa druge strane tezge. Onaj ko prodaje njemu je malo, a onaj ko kupuje njemu je skupo.\u00a0 Poljoprivrednik mora da zna da li mo\u017ee da \u017eivi od svog rada. I trebalo bi kod subvencija da se naprave i kategorije, a to zna\u010di, onaj \u010dije je jedno zanimanje poljoprivreda, onaj ko uz poljoprivredu jo\u0161 ne\u0161to radi i onaj kome cela porodica radi na poljoprivredi. Tako\u0111e nije mi jasno kako subvencija samo za \u017eensko tele od 25 000 dinara. A \u0161ta \u0107emo za mu\u0161ko tele ? To je diskriminacija. Statistika ka\u017ee da od 4 teleta 1,8 su \u017eenski, a 2,2 mu\u0161ki. I za mu\u0161ko tele mora da ima subvencija. Znam da se svi raduju kada dobiju \u017eensko tele, bi\u0107e mleko i tako dalje. Mora se pomo\u0107i poljoprivredniku kako bi sa\u010duvali i selo i poljoprivrednika\u201d, kazao je Dragan Markovi\u0107 Palma.<\/p>\n","protected":false},"excerpt":{"rendered":"<p>&nbsp; \u201cDanas je u Srbiji, po pitanju najve\u0107eg problema, Kosova i Metohije, najva\u017enije jedinstvo svih politi\u010dkih partija, a toga danas nema. I sada neki ka\u017eu &hellip; <\/p>\n","protected":false},"author":2,"featured_media":34840,"comment_status":"open","ping_status":"open","sticky":false,"template":"","format":"standard","meta":{"footnotes":""},"categories":[1524,2,1514,5643,13,887,12],"tags":[143,120,4167,63],"_links":{"self":[{"href":"https:\/\/centralmedia.rs\/index.php\/wp-json\/wp\/v2\/posts\/34837"}],"collection":[{"href":"https:\/\/centralmedia.rs\/index.php\/wp-json\/wp\/v2\/posts"}],"about":[{"href":"https:\/\/centralmedia.rs\/index.php\/wp-json\/wp\/v2\/types\/post"}],"author":[{"embeddable":true,"href":"https:\/\/centralmedia.rs\/index.php\/wp-json\/wp\/v2\/users\/2"}],"replies":[{"embeddable":true,"href":"https:\/\/centralmedia.rs\/index.php\/wp-json\/wp\/v2\/comments?post=34837"}],"version-history":[{"count":1,"href":"https:\/\/centralmedia.rs\/index.php\/wp-json\/wp\/v2\/posts\/34837\/revisions"}],"predecessor-version":[{"id":34839,"href":"https:\/\/centralmedia.rs\/index.php\/wp-json\/wp\/v2\/posts\/34837\/revisions\/34839"}],"wp:featuredmedia":[{"embeddable":true,"href":"https:\/\/centralmedia.rs\/index.php\/wp-json\/wp\/v2\/media\/34840"}],"wp:attachment":[{"href":"https:\/\/centralmedia.rs\/index.php\/wp-json\/wp\/v2\/media?parent=34837"}],"wp:term":[{"taxonomy":"category","embeddable":true,"href":"https:\/\/centralmedia.rs\/index.php\/wp-json\/wp\/v2\/categories?post=34837"},{"taxonomy":"post_tag","embeddable":true,"href":"https:\/\/centralmedia.rs\/index.php\/wp-json\/wp\/v2\/tags?post=34837"}],"curies":[{"name":"wp","href":"https:\/\/api.w.org\/{rel}","templated":true}]}}