{"id":34886,"date":"2023-04-25T12:24:50","date_gmt":"2023-04-25T10:24:50","guid":{"rendered":"http:\/\/centralmedia.rs\/?p=34886"},"modified":"2023-05-04T13:57:38","modified_gmt":"2023-05-04T11:57:38","slug":"palma-za-zapad-politicke-odluke-iznad-medunarodnog-prava","status":"publish","type":"post","link":"https:\/\/centralmedia.rs\/index.php\/2023\/04\/25\/palma-za-zapad-politicke-odluke-iznad-medunarodnog-prava\/","title":{"rendered":"PALMA : ZA ZAPAD POLITI\u010cKE ODLUKE IZNAD ME\u0110UNARODNOG PRAVA"},"content":{"rendered":"<p>&nbsp;<\/p>\n<p>\u201eJa sam mislio da su poslednji razgovori, u prisustvu i SAD i EU veoma ozbiljni i nisam se nadao da \u0107e da nam se de\u0161avaju stvari kao kontejner izbori na severu Kosova i Metohije. Na\u0161e generacije su sva\u0161ta videle i do\u017eivele od 1999. godine i NATO agresije na na\u0161u zemlju, ali sada je jasno da su za zapadni deo me\u0111unarodne zajednice politi\u010dke odluke i dizanje ruku iznad me\u0111unarodnog prava, koje vi\u0161e ne postoji. Ako se ne\u0161to dogovori to ne\u0161to mora da se po\u0161tuje, kao \u0161to su Kumanovski sporazum, Rezolucija 1244, Briselski sporazum, Va\u0161ingtonski sporazum i Dejtonski sporazum. Evo sada i u BiH \u017eele da oduzmu imovinu Republici Srpskoj, iako to ne stoji ni u jednom sporazumu i me\u0111unarodni predstavnik svakog dana ne\u0161to preti Republici Srpskoj\u201c, izjavio je predsednik Jedinstvene Srbije Dragan Markovi\u0107 Palma gostuju\u0107i na Hepi TV.<\/p>\n<p>POZIVAM SVE PARTIJE U SKUP\u0160TINI SRBIJE NA JEDINSTVO ONAKO KAKO SU SRBI NA SEVERU KiM POKAZALI JEDINSTVO NA KURTIJEVIM KONTEJNER IZBORIMA<\/p>\n<p>\u201eLokalni izbori na severu Kosova i Metohije, koji su odr\u017eani u nedelju u kontejnerima i uz duge cevi i na koje je iza\u0161lo ukupno 13 Srba, nemaju legitimet. Ja ne znam kako \u0107e ti navodni predsednici op\u0161tina ili gradona\u010delnici da funkcioni\u0161u i kako je mogu\u0107e da neko prihvati rezultate izbora na koje je iza\u0161lo 3,47 posto gra\u0111ana. Pa nisu to bili izbori za mesne zajednice, gde bez obzira koliko iza\u0111e prihvate se rezultati. Za nas je najva\u017eniji rezultat nedeljnih takozvanih izbora da su Srbi pokazali apsolutno jedinstvo. \u010cak je i Albanaca mnogo manje iza\u0161lo, valjda su i oni shvatili da je to bilo gubljenje vemena. Poku\u0161ali su da upla\u0161e Srbe policajcima i dugim cevima, ali Srbi na Kosovu i Metohiji su prekaljeni i znaju da se bore za svoja prava, ali ne oru\u017ejem ni ratom. Ovo \u0161to se desilo u Savetu Evrope u ponedeljak je jo\u0161 jedna potvrda da je za zapad dizanje ruku iznad me\u0111unarodnog prava. Svesni su oni \u0161ta rade. Do\u0161lo je vreme da mi vi\u0161e nikome ne mo\u017eemo da verujemo i ne znam o kakvi \u0107e razgovori biti 2. maja u Briselu i o \u010demu \u0107e se razgovarati. Kada pucaju na Srbe, kao \u0161to je bilo i na Bo\u017ei\u0107 i na Uskrs, oni to nazovu incidentom. Kakav bre incident, to je poku\u0161aj ubistva i onda pozovu \u201eobe strane\u201c na uzdr\u017eanost. Koje obe strane ? Samo jedna strana je pucala na decu, a druga strana je sve ispo\u0161tovala \u0161to je od nje tra\u017eeno. Ja pozivam sve politi\u010dke partije u Skup\u0161tini Srbije da postignemo jedinstvo oko dr\u017eavnog i nacionalnog pitanja onako kako je bilo jedinstvo Srba na severu Kosova i Metohije na Kurtijevim kontejner izborima u nedelju. Predsednik Srbije Aleksandar Vu\u010di\u0107 i ministar spoljnih poslova Srbije Ivica Da\u010di\u0107 uvek su u parlementu do detalja izneli sva \u0161ta je u bilo kom trenutku pregovarano o Kosovu i Metohiji. I sada deo opozicije ponovo tra\u017ei sednicu o Kosovu i Metohiji, iako o svemu svi znamo sve. Od tih opozicinih partija samo dve nisu bile nikada na vlasti, ostali svi su bili vlast. \u0160ta ste uradili dok ste bili vlast ? Pustili ste 1800 albanskih terorista iz zatvora, a da za to niste tra\u017eili razmenu. Danas ljuti neprijatelji Rusi i Ukrajinci razmenjuju zarobljenike, a vi ste pustili 1800 albanskih terorista i za to niste tra\u017eili nijednog Srbina u razmenu. I vi ste sada patriote i nacionalisti. Krajnje je vreme da sve politi\u010dke partije u Skup\u0161tini Srbije, po nacionalnim i dr\u017eavnim pitanjima, jedinstveno podr\u017ee na\u0161 dr\u017eavni vrh na \u010delu sa predsednikom Srbije Aleksandrom Vu\u010di\u010dem i Srbe na Kosovu i Metohiji\u201c, rekao je Markovi\u0107.<\/p>\n","protected":false},"excerpt":{"rendered":"<p>&nbsp; \u201eJa sam mislio da su poslednji razgovori, u prisustvu i SAD i EU veoma ozbiljni i nisam se nadao da \u0107e da nam se &hellip; <\/p>\n","protected":false},"author":2,"featured_media":34887,"comment_status":"open","ping_status":"open","sticky":false,"template":"","format":"standard","meta":{"footnotes":""},"categories":[1524,2,1514,5643,13,887,12],"tags":[120,5150],"_links":{"self":[{"href":"https:\/\/centralmedia.rs\/index.php\/wp-json\/wp\/v2\/posts\/34886"}],"collection":[{"href":"https:\/\/centralmedia.rs\/index.php\/wp-json\/wp\/v2\/posts"}],"about":[{"href":"https:\/\/centralmedia.rs\/index.php\/wp-json\/wp\/v2\/types\/post"}],"author":[{"embeddable":true,"href":"https:\/\/centralmedia.rs\/index.php\/wp-json\/wp\/v2\/users\/2"}],"replies":[{"embeddable":true,"href":"https:\/\/centralmedia.rs\/index.php\/wp-json\/wp\/v2\/comments?post=34886"}],"version-history":[{"count":1,"href":"https:\/\/centralmedia.rs\/index.php\/wp-json\/wp\/v2\/posts\/34886\/revisions"}],"predecessor-version":[{"id":34888,"href":"https:\/\/centralmedia.rs\/index.php\/wp-json\/wp\/v2\/posts\/34886\/revisions\/34888"}],"wp:featuredmedia":[{"embeddable":true,"href":"https:\/\/centralmedia.rs\/index.php\/wp-json\/wp\/v2\/media\/34887"}],"wp:attachment":[{"href":"https:\/\/centralmedia.rs\/index.php\/wp-json\/wp\/v2\/media?parent=34886"}],"wp:term":[{"taxonomy":"category","embeddable":true,"href":"https:\/\/centralmedia.rs\/index.php\/wp-json\/wp\/v2\/categories?post=34886"},{"taxonomy":"post_tag","embeddable":true,"href":"https:\/\/centralmedia.rs\/index.php\/wp-json\/wp\/v2\/tags?post=34886"}],"curies":[{"name":"wp","href":"https:\/\/api.w.org\/{rel}","templated":true}]}}