{"id":34962,"date":"2023-05-12T20:13:20","date_gmt":"2023-05-12T18:13:20","guid":{"rendered":"http:\/\/centralmedia.rs\/?p=34962"},"modified":"2023-05-15T14:00:08","modified_gmt":"2023-05-15T12:00:08","slug":"xross-relijem-srbija-otvara-svetski-sampionat-u-hard-enduru","status":"publish","type":"post","link":"https:\/\/centralmedia.rs\/index.php\/2023\/05\/12\/xross-relijem-srbija-otvara-svetski-sampionat-u-hard-enduru\/","title":{"rendered":"Xross relijem Srbija otvara Svetski \u0161ampionat u hard enduru"},"content":{"rendered":"<p>&nbsp;<\/p>\n<p>Zvani\u010dno otvaranje Svetskog \u0161ampionata u jednoj od najatraktivnijih moto disciplina, hard enduro, ove godine bi\u0107e odr\u017eano u Srbiji, \u0161to predstavlja istorijski iskorak za doma\u0107i auto-moto sport. Od 17. do 20. maja 2023. godine, vi\u0161e od 300 takmi\u010dara iz celog sveta, me\u0111u kojima i najve\u0107e svetske hard enduro zvezde,\u00a0 prelazi\u0107e motorima najrazli\u010ditije prepreke, odmeravaju\u0107i svoju snagu i sposobnosti na stazama Zlatibora, koji \u0107e biti centar ovog doga\u0111anja, kao i Tare i Mokre Gore.<\/p>\n<div id='gallery-1' class='gallery galleryid-34962 gallery-columns-3 gallery-size-thumbnail'><figure class='gallery-item'>\n\t\t\t<div class='gallery-icon landscape'>\n\t\t\t\t<a href='https:\/\/centralmedia.rs\/index.php\/2023\/05\/12\/xross-relijem-srbija-otvara-svetski-sampionat-u-hard-enduru\/predrag_vuckovic2\/'><img loading=\"lazy\" decoding=\"async\" width=\"150\" height=\"150\" src=\"https:\/\/centralmedia.rs\/wp-content\/uploads\/2023\/05\/Predrag_Vuckovic2-150x150.jpg\" class=\"attachment-thumbnail size-thumbnail\" alt=\"\" \/><\/a>\n\t\t\t<\/div><\/figure><figure class='gallery-item'>\n\t\t\t<div class='gallery-icon landscape'>\n\t\t\t\t<a href='https:\/\/centralmedia.rs\/index.php\/2023\/05\/12\/xross-relijem-srbija-otvara-svetski-sampionat-u-hard-enduru\/predrag_vuckovic3\/'><img loading=\"lazy\" decoding=\"async\" width=\"150\" height=\"150\" src=\"https:\/\/centralmedia.rs\/wp-content\/uploads\/2023\/05\/Predrag_Vuckovic3-150x150.jpg\" class=\"attachment-thumbnail size-thumbnail\" alt=\"\" \/><\/a>\n\t\t\t<\/div><\/figure><figure class='gallery-item'>\n\t\t\t<div class='gallery-icon landscape'>\n\t\t\t\t<a href='https:\/\/centralmedia.rs\/index.php\/2023\/05\/12\/xross-relijem-srbija-otvara-svetski-sampionat-u-hard-enduru\/3_predrag_vuckovic\/'><img loading=\"lazy\" decoding=\"async\" width=\"150\" height=\"150\" src=\"https:\/\/centralmedia.rs\/wp-content\/uploads\/2023\/05\/3_Predrag_Vuckovic-150x150.jpg\" class=\"attachment-thumbnail size-thumbnail\" alt=\"\" \/><\/a>\n\t\t\t<\/div><\/figure>\n\t\t<\/div>\n\n<p>Nakon pro\u0161logodi\u0161njeg Xross relija, prvog takmi\u010denja u istoriji srpskog auto-moto sporta koje se boduje za Svetski \u0161ampionat, zahvaljuju\u0107i besprekornoj organizaciji, Srbija otvara Svetsko prvenstvo u hard enduru 2023., koje \u0107e se nastaviti u Austriji, Italiji, Rumuniji, Kanadi, \u0160paniji i Nema\u010dkoj.<\/p>\n<p>-Ponosan sam \u0161to smo upravo mi dobili priliku da se na jo\u0161 jedan na\u010din u svetu poka\u017eemo kao zemlja sporta i sportskih vrednosti. Pro\u0161le godine smo se prvi put upisali na listu dr\u017eava u kojima se organizuje ovo takmi\u010denje, a ove godine \u0107e jo\u0161 vi\u0161e pa\u017enje biti usmereno na organizaciju u Srbiji, jer, po prvi put u istoriji doma\u0107eg sporta, jedan svetski \u0161ampionat po\u010dinje u na\u0161oj zemlji. Bi\u0107emo doma\u0107ini takmi\u010darima iz preko 40 zemalja, \u0161to je tako\u0111e velika \u010dast i odgovornost, isti\u010de Vladan Komatovi\u0107, predstavnik organizatora Xross relija.<\/p>\n<p>Vinfred Ker\u0161agl, menad\u017eer FIM Hard Enduro Svetskog prvenstva, naglasio je da je Xross reli od samog po\u010detka delovao kao doga\u0111aj koji obe\u0107ava i da su, od prvog dana, svi voza\u010di i profesionalci i amateri zavoleli su i ovu trku i lokacije na kojima voze u Srbiji.<\/p>\n<p>-Ne samo da smo sre\u0107ni \u0161to imamo XROSS u kalendaru za 2023. godinu, ve\u0107 nas raduje i \u0161to ba\u0161 ova trka otvara Svetski Hard Enduro \u0161ampionat. Bi\u0107e uzbudljivo! Svake godine se trudimo da podignemo kvalitet cele serije, ali i svakog doga\u0111aja pojedina\u010dno. Od ove godine ima\u0107emo i zvani\u010dni juniorski \u0161ampionat, \u0161to zna\u010di da \u0107e i mladi voza\u010di dobijati nagrade na kraju sezone, rekao je Ker\u0161hagl.<\/p>\n<p>Pravi spektakl i posebna atrakcija za posetioce bi\u0107e organizovana dan pred samu trku, 16. maja u 17 \u010d, kada \u0107e u centru Zlatibora biti sve\u010dano otvaranje Xross Hard Enduro relija, mini \u0161ou u\u010desnika kao i dru\u017eenje sa fabri\u010dkim voza\u010dima.<\/p>\n<p>-Uvod u takmi\u010denje je Prolog &#8211; pravi spektakl i atrakcija, kada \u0107e posetioci mo\u0107i bli\u017ee da se upoznaju sa ovom zahtevnom auto-moto disciplinom. Pozivam sve da nam se pridru\u017ee i da zajedno u\u017eivamo u odli\u010dnoj atmosferi na Kraljevom trgu dan pre zvani\u010dnog po\u010detka relija! Ovo je jedinstvena prilika da izbliza vidite kako voza\u010di hard endura savladavaju prepreke i izvode za mnoge nezamislive i neobi\u010dne zahvate, poru\u010dio je Komatovi\u0107.<\/p>\n<p>Tokom tri dana, u\u010desnici \u0107e poku\u0161ati da savladaju 300 kilometara ekstremnih terena, a u okviru relija bi\u0107e vo\u017eene \u010detiri klase: Pro, Expert, Xobby i klasa amatera. 17. maja od 10\u010d do 15\u010d bi\u0107e odr\u017ean trening i kvalifikacije na Prologu za sve klase, a od 17\u010d \u2013 19\u010d &#8211; Akrapovic Straight Rhythm finale. Takmi\u010darski dani bi\u0107e 18. 19. kao i subota 20. maj kada \u0107e na Kraljevom trgu u 15\u010d biti odr\u017eano progla\u0161enje pobednika i dodela pehara.<\/p>\n<p>&nbsp;<\/p>\n<p>O\u010dekuje se da \u0107e Xross Xard Enduro reliju prisustvovati vi\u0161e od 10.000 posetilaca, koji \u0107e na sve tri planine, na posebnim lokacijama za gledaoce, mo\u0107i da prate trke na licu mesta, dok \u0107e za ostale zaljubljenike u ovaj sport organizatori omogu\u0107iti direktan prenos.<\/p>\n<p>Svi zainteresovani dodatne informacije mogu prona\u0107i na sajtu www.xross.rs, dok se zvani\u010dne informacije o hard enduro Svetskom \u0161ampionatu i ostalim rundama mogu na\u0107i na\u00a0 https:\/\/iridehardenduro.com\/<\/p>\n<p>Organizaciju ovog presti\u017enog doga\u0111aja iz sveta auto-moto sporta, koji \u0107e Srbiju i na ovaj na\u010din predstaviti kao zemlju vrhunskog sporta, podr\u017eali su Ministarstvo sporta, Ministarstvo turizma i omladine Republike Srbije, AMSS, op\u0161tina \u010cajetina, Komunalno javno preduze\u0107e \u201eZlatibor\u201c \u010cajetina , TO Zlatibor, Turisti\u010dko naselje Me\u0107avnik-Drvengrad kao i kompanija Comtrade.<\/p>\n<p>Direktor Turisti\u010dke organizacije Zlatibor Vladimir \u017divanovi\u0107, izjavio je da je Zlatibor na ovaj na\u010din obogatio svoju turisti\u010dku ponudu, i istakao da je ova saradnja primer koji pokazuje kako sport mo\u017ee doprineti razvoju turisti\u010dkih potencijala i me\u0111unarodnoj promociji na\u0161e zemlje.<\/p>\n<p>&#8211; Poseban poklon za sve goste koji budu boravili na Zlatiboru bi\u0107e uvodni deo takmi\u010denja, koji se odr\u017eava na parkingu kod Turisti\u010dko rekrekreativnog kompleksa Zlatibor, u utorak, 17. maja, od 16 do 18 \u010dasova. Publika \u0107e mo\u0107i izbliza da vidi i u\u017eiva u moto akrobacijama preko 300 u\u010desnika iz 40 zemalja na poligonu. Izuzetna nam je \u010dast \u0161to \u0107e mnogi od njih upravo na na\u0161oj planinskoj lepotici upoznati Srbiju i njenu o\u010daravaju\u0107u prirodu, ali i iskusiti \u010duveno gostoprimstvo zlatiborskih doma\u0107ina. Verujem da je ovo i neponovljiva prilika i za sve stanovnike zlatiborskog okruga da vide ne\u0161to nesvakida\u0161nje i u\u017eivaju u novim sadr\u017eajima koje kao turisti\u010dko mesto organizujemo.<\/p>\n<p>XROSS HARD ENDURO reli vozi\u0107e se tri dana du\u017e 300 kilometara staza na Zlatiboru, Mokroj Gori i Tari. Sve\u010dano progla\u0161enje pobednika odr\u017ea\u0107e se u subotu, 20. maja u 15 \u010dasova na Kraljevom trgu.<\/p>\n<p>Zahvaljuju\u0107i odli\u010dnoj organizaciji pro\u0161logodi\u0161njeg takmi\u010denja, Zlatibor je ove godine dobio i posebnu \u010dast -da bude lokacija startne trke u okviru \u0160ampionata koji \u0107e se dalje nastaviti u Austriji, Italiji, Rumuniji, Kanadi, \u0160paniji i Nema\u010dkoj.<\/p>\n","protected":false},"excerpt":{"rendered":"<p>&nbsp; Zvani\u010dno otvaranje Svetskog \u0161ampionata u jednoj od najatraktivnijih moto disciplina, hard enduro, ove godine bi\u0107e odr\u017eano u Srbiji, \u0161to predstavlja istorijski iskorak za doma\u0107i &hellip; <\/p>\n","protected":false},"author":2,"featured_media":34963,"comment_status":"open","ping_status":"open","sticky":false,"template":"","format":"standard","meta":{"footnotes":""},"categories":[2875,5787,1524,2,887,21,12],"tags":[2762,6199],"_links":{"self":[{"href":"https:\/\/centralmedia.rs\/index.php\/wp-json\/wp\/v2\/posts\/34962"}],"collection":[{"href":"https:\/\/centralmedia.rs\/index.php\/wp-json\/wp\/v2\/posts"}],"about":[{"href":"https:\/\/centralmedia.rs\/index.php\/wp-json\/wp\/v2\/types\/post"}],"author":[{"embeddable":true,"href":"https:\/\/centralmedia.rs\/index.php\/wp-json\/wp\/v2\/users\/2"}],"replies":[{"embeddable":true,"href":"https:\/\/centralmedia.rs\/index.php\/wp-json\/wp\/v2\/comments?post=34962"}],"version-history":[{"count":1,"href":"https:\/\/centralmedia.rs\/index.php\/wp-json\/wp\/v2\/posts\/34962\/revisions"}],"predecessor-version":[{"id":34966,"href":"https:\/\/centralmedia.rs\/index.php\/wp-json\/wp\/v2\/posts\/34962\/revisions\/34966"}],"wp:featuredmedia":[{"embeddable":true,"href":"https:\/\/centralmedia.rs\/index.php\/wp-json\/wp\/v2\/media\/34963"}],"wp:attachment":[{"href":"https:\/\/centralmedia.rs\/index.php\/wp-json\/wp\/v2\/media?parent=34962"}],"wp:term":[{"taxonomy":"category","embeddable":true,"href":"https:\/\/centralmedia.rs\/index.php\/wp-json\/wp\/v2\/categories?post=34962"},{"taxonomy":"post_tag","embeddable":true,"href":"https:\/\/centralmedia.rs\/index.php\/wp-json\/wp\/v2\/tags?post=34962"}],"curies":[{"name":"wp","href":"https:\/\/api.w.org\/{rel}","templated":true}]}}