{"id":34967,"date":"2023-05-12T20:24:08","date_gmt":"2023-05-12T18:24:08","guid":{"rendered":"http:\/\/centralmedia.rs\/?p=34967"},"modified":"2023-05-18T14:43:01","modified_gmt":"2023-05-18T12:43:01","slug":"medunarodni-dan-medicinskih-sestara","status":"publish","type":"post","link":"https:\/\/centralmedia.rs\/index.php\/2023\/05\/12\/medunarodni-dan-medicinskih-sestara\/","title":{"rendered":"ME\u0110UNARODNI DAN MEDICINSKIH SESTARA"},"content":{"rendered":"<p>&nbsp;<\/p>\n<p>Udru\u017eenje zdravstvenih radnika \u0106uprija \u2013\u010dlanica Saveza udru\u017eenja zdravstvenih radnika Srbije u sali amfiteatra Akademije vaspita\u010dko medicinskih strukovnih studija u \u0106upriji obele\u017eilo je Me\u0111unarodni dana medicinskih sestra,koji se tradicionalno obele\u017eava 12.maja.<\/p>\n<div id='gallery-1' class='gallery galleryid-34967 gallery-columns-3 gallery-size-thumbnail'><figure class='gallery-item'>\n\t\t\t<div class='gallery-icon landscape'>\n\t\t\t\t<a href='https:\/\/centralmedia.rs\/index.php\/2023\/05\/12\/medunarodni-dan-medicinskih-sestara\/dada1\/'><img loading=\"lazy\" decoding=\"async\" width=\"150\" height=\"150\" src=\"https:\/\/centralmedia.rs\/wp-content\/uploads\/2023\/05\/DADA1-150x150.jpg\" class=\"attachment-thumbnail size-thumbnail\" alt=\"\" \/><\/a>\n\t\t\t<\/div><\/figure><figure class='gallery-item'>\n\t\t\t<div class='gallery-icon landscape'>\n\t\t\t\t<a href='https:\/\/centralmedia.rs\/index.php\/2023\/05\/12\/medunarodni-dan-medicinskih-sestara\/dada2\/'><img loading=\"lazy\" decoding=\"async\" width=\"150\" height=\"150\" src=\"https:\/\/centralmedia.rs\/wp-content\/uploads\/2023\/05\/DADA2-150x150.jpg\" class=\"attachment-thumbnail size-thumbnail\" alt=\"\" \/><\/a>\n\t\t\t<\/div><\/figure><figure class='gallery-item'>\n\t\t\t<div class='gallery-icon landscape'>\n\t\t\t\t<a href='https:\/\/centralmedia.rs\/index.php\/2023\/05\/12\/medunarodni-dan-medicinskih-sestara\/dada3\/'><img loading=\"lazy\" decoding=\"async\" width=\"150\" height=\"150\" src=\"https:\/\/centralmedia.rs\/wp-content\/uploads\/2023\/05\/DADA3-150x150.jpg\" class=\"attachment-thumbnail size-thumbnail\" alt=\"\" \/><\/a>\n\t\t\t<\/div><\/figure>\n\t\t<\/div>\n\n<p>Tim povodom dodeljeni srebrni znakovi SUZRS- najboljim medicinskih sestrama i zdravstvneim tehni\u010darima \u010dlanovima UZR \u0106uprija za 2023 godinu.<\/p>\n<p><strong><u>Nagra\u0111eni zdravstveni radnici su<\/u><\/strong>:<\/p>\n<p>1.vms.Sun\u010dica Nedeljkovic JIN\u00a0 OB \u0106uprija,2.vms.Marina Marinkovi\u0107 Ili\u0107 \u2013infektivno odeljenje OB \u0106uprija 3.mt.Pavlovi\u0107 Petar \u2013hirurgija OB \u0106uprija,4.ms.Zvjezdana Stankovi\u0107 kardiologija OB \u0106uprija,5.vms.A\u0107imovi\u0107 Svetlana \u2013urgentna medicina OB \u0106uprija,6.lab.teh.Petkovi\u0107 Marko ZZJZ \u0106uprija,7.lab.teh.Mojsovski Gordana\u00a0 laboratorija OB \u0106uprija,8.mt.Slavko Jovanovi\u0107 SHB Medikus \u0106uprija,9.ms.Malenovi\u0107 Sne\u017eana\u00a0 DZ \u0106uprija,10.ms.\u0110ura\u0161i\u0107 Marija psihijatrija OB \u0106uprija,11.ms.Anti\u0107 Lepa ORL sa MFH OB \u0106uprija,12.ms.Maja Nikoli\u0107 neonatologija OB \u0106uprija<\/p>\n<p>U svom obra\u0107anju na sve\u010danoj akademiji predsednica UZR \u0106uprija Radoi\u010di\u0107 Danijela master menad\u017eer u sistemu zdravstvene za\u0161tite je istakla da je ovo je jedinstven dan u godini kada se skre\u0107e pa\u017enja\u00a0 na rad medicinskih sestara\/tehni\u010dara i posebna pa\u017enja posve\u0107uje njihovoj\u00a0 ulozi u nezi bolesnih i za\u0161titi zdravih ljudi.<\/p>\n<p>Osnovni zahtevi ove\u00a0 profesije jesu: efikasna komunikacija sa pacijentima, predanost pozivu i humanost..<\/p>\n<p>-Biti medicinska sestra je privilegija, ali i napor. Izdr\u017ea\u0107e samo one koje su se za taj poziv opredelile iz ljubavi. Tako je sestrinstvo zamislila Florens Najtingel. Sestre \u00a0su okosnica svakog zdravstvenog sistema i nosioci su\u00a0 zdravstvene nege , imaju\u00a0 klju\u010dni zna\u010daj u kreiranju zdravstvene politike. Stalno usavr\u0161avanje\u00a0 obrazovanje\u00a0 medicinskih sestara, usvajanje novih metoda u klini\u010dkom radu jedan je od prioriteta za pru\u017eanje kvalitetne\u00a0 zdravstvene nege bolesnicima.<\/p>\n<p>Ovo je na\u0161 trenutak u kome\u00a0 snagom jedinstva i upornosti\u00a0 trebamo \u00a0da istrajemo u\u00a0 pokretanju promena koje \u0107e sestrinstvo svrstati\u00a0 me\u0111u su\u0161tinski zna\u010dajne \u00a0profesije u sistemu zdravstvene za\u0161tite.Za to nam je neophodna zajedni\u010dka saradnja ministarstva zdravlja,sindikalnih organizacija,Komore medicinskih sestra I zdravstvneih tehni\u010dara u strukovnih udru\u017eenja, kazala je ona.<\/p>\n","protected":false},"excerpt":{"rendered":"<p>&nbsp; Udru\u017eenje zdravstvenih radnika \u0106uprija \u2013\u010dlanica Saveza udru\u017eenja zdravstvenih radnika Srbije u sali amfiteatra Akademije vaspita\u010dko medicinskih strukovnih studija u \u0106upriji obele\u017eilo je Me\u0111unarodni dana &hellip; <\/p>\n","protected":false},"author":2,"featured_media":34968,"comment_status":"open","ping_status":"open","sticky":false,"template":"","format":"standard","meta":{"footnotes":""},"categories":[1515,28,1524,2,12],"tags":[44,5130],"_links":{"self":[{"href":"https:\/\/centralmedia.rs\/index.php\/wp-json\/wp\/v2\/posts\/34967"}],"collection":[{"href":"https:\/\/centralmedia.rs\/index.php\/wp-json\/wp\/v2\/posts"}],"about":[{"href":"https:\/\/centralmedia.rs\/index.php\/wp-json\/wp\/v2\/types\/post"}],"author":[{"embeddable":true,"href":"https:\/\/centralmedia.rs\/index.php\/wp-json\/wp\/v2\/users\/2"}],"replies":[{"embeddable":true,"href":"https:\/\/centralmedia.rs\/index.php\/wp-json\/wp\/v2\/comments?post=34967"}],"version-history":[{"count":1,"href":"https:\/\/centralmedia.rs\/index.php\/wp-json\/wp\/v2\/posts\/34967\/revisions"}],"predecessor-version":[{"id":34972,"href":"https:\/\/centralmedia.rs\/index.php\/wp-json\/wp\/v2\/posts\/34967\/revisions\/34972"}],"wp:featuredmedia":[{"embeddable":true,"href":"https:\/\/centralmedia.rs\/index.php\/wp-json\/wp\/v2\/media\/34968"}],"wp:attachment":[{"href":"https:\/\/centralmedia.rs\/index.php\/wp-json\/wp\/v2\/media?parent=34967"}],"wp:term":[{"taxonomy":"category","embeddable":true,"href":"https:\/\/centralmedia.rs\/index.php\/wp-json\/wp\/v2\/categories?post=34967"},{"taxonomy":"post_tag","embeddable":true,"href":"https:\/\/centralmedia.rs\/index.php\/wp-json\/wp\/v2\/tags?post=34967"}],"curies":[{"name":"wp","href":"https:\/\/api.w.org\/{rel}","templated":true}]}}