{"id":34994,"date":"2023-05-17T16:00:11","date_gmt":"2023-05-17T14:00:11","guid":{"rendered":"http:\/\/centralmedia.rs\/?p=34994"},"modified":"2023-05-22T21:10:03","modified_gmt":"2023-05-22T19:10:03","slug":"na-zlatiboru-otvoreno-svetsko-prvenstvo-u-hard-enduru","status":"publish","type":"post","link":"https:\/\/centralmedia.rs\/index.php\/2023\/05\/17\/na-zlatiboru-otvoreno-svetsko-prvenstvo-u-hard-enduru\/","title":{"rendered":"NA ZLATIBORU OTVORENO SVETSKO PRVENSTVO U HARD ENDURU"},"content":{"rendered":"<p>&nbsp;<\/p>\n<p>Spektakularnim defileom vi\u0161e od 300 hard enduro voza\u010da iz 40 zemalja koji su se, nose\u0107i zastave svojih dr\u017eava, provozali centrom Zlatibora do Kraljevog trga, po\u010deo je ovogodi\u0161nji Xross Hard Enduro reli i Svetski \u0161ampionat u hard enduru &#8211; jednoj od najzahtevnijih, ali i najatraktivnijih moto disciplina. Ovo sve popularnije sportsko takmi\u010denje koje testira izdr\u017eljivost i voza\u010da i motora otvorili su Milan Stamatovi\u0107, predsednik Op\u0161tine \u010cajetina, Vinfred Ker\u0161hagl, izvr\u0161ni direktor FIM Hard Enduro Svetskog \u0161ampionata i Vladan Komatovi\u0107, predstavnik organizatora Xross relija u Srbiji.<\/p>\n<div id='gallery-1' class='gallery galleryid-34994 gallery-columns-3 gallery-size-thumbnail'><figure class='gallery-item'>\n\t\t\t<div class='gallery-icon landscape'>\n\t\t\t\t<a href='https:\/\/centralmedia.rs\/index.php\/2023\/05\/17\/na-zlatiboru-otvoreno-svetsko-prvenstvo-u-hard-enduru\/hard-enduro1\/'><img loading=\"lazy\" decoding=\"async\" width=\"150\" height=\"150\" src=\"https:\/\/centralmedia.rs\/wp-content\/uploads\/2023\/05\/hard-enduro1-150x150.jpg\" class=\"attachment-thumbnail size-thumbnail\" alt=\"\" \/><\/a>\n\t\t\t<\/div><\/figure><figure class='gallery-item'>\n\t\t\t<div class='gallery-icon landscape'>\n\t\t\t\t<a href='https:\/\/centralmedia.rs\/index.php\/2023\/05\/17\/na-zlatiboru-otvoreno-svetsko-prvenstvo-u-hard-enduru\/hard-enduro2\/'><img loading=\"lazy\" decoding=\"async\" width=\"150\" height=\"150\" src=\"https:\/\/centralmedia.rs\/wp-content\/uploads\/2023\/05\/hard-enduro2-150x150.jpg\" class=\"attachment-thumbnail size-thumbnail\" alt=\"\" \/><\/a>\n\t\t\t<\/div><\/figure><figure class='gallery-item'>\n\t\t\t<div class='gallery-icon landscape'>\n\t\t\t\t<a href='https:\/\/centralmedia.rs\/index.php\/2023\/05\/17\/na-zlatiboru-otvoreno-svetsko-prvenstvo-u-hard-enduru\/hard-enduro\/'><img loading=\"lazy\" decoding=\"async\" width=\"150\" height=\"150\" src=\"https:\/\/centralmedia.rs\/wp-content\/uploads\/2023\/05\/hard-enduro-150x150.jpg\" class=\"attachment-thumbnail size-thumbnail\" alt=\"\" \/><\/a>\n\t\t\t<\/div><\/figure>\n\t\t<\/div>\n\n<p>Predsednik Op\u0161tine \u010cajetina Milan Stamatovi\u0107 je po\u017eeleo dobrodo\u0161licu takmi\u010darima i organizatorima i\u00a0 izrazio zahvalnost na prilici da Zlatibor i op\u0161tina \u010cajetina, zahvaljuju\u0107i odli\u010dnim ocenama koje su dobili za organizaciju pro\u0161logodi\u0161nje trke, ove godine budu organizatori prve trke ovogodi\u0161njeg svetskog \u0161ampionata, koji se zatim nastavlja trkama u Austriji, Italiji, Rumuniji, Kanadi, \u0160paniji i Nema\u010dkoj. \u201eOvo je odli\u010dna prilika da se Zlatibor i Srbija predstave kao izuzetno zanimljive destinacije za boravak inostranih turista, ali i za dolazak sve ve\u0107eg broja sportskih ekipa na pripreme u razli\u010ditim sportovima. Priroda na na\u0161oj planini i veliki broj izgra\u0111enih sportskih kapaciteta na najvi\u0161em mogu\u0107em nivou, privla\u010de sve ve\u0107i broj ekipa, od najmla\u0111ih uzrasta do seniorskih ekipa\u201c istakao je Stamatovi\u0107.<\/p>\n<p>Vinfred Ker\u0161hagl je naglasio je da mu je izuzetno zadovoljstvo \u0161to ovogodi\u0161nje takmi\u010denje po\u010dinje upravo na najlep\u0161oj planini u Srbiji, zahvalio se organizatoru i po\u017eeleo sre\u0107u svim u\u010desnicima, a Vladan Komatovi\u0107 je naglasio da je posebna \u010dast \u0161to upravo na\u0161a zemlja ima priliku da bude organizator ovog zna\u010dajnog takmi\u010denja i da ugosti rekordan broj stranih voza\u010da, kojima je po\u017eeleo da u\u017eivaju u lepoti prirode i stazama Zlatibora, Tare i Mokre Gore.<\/p>\n<p>Nakon sve\u010danog otvaranja, publika je imala jedinstvenu priliku da se u neformalnoj atmosferi u hotelu Zlatibor mauntin rizort &amp; spa dru\u017ei sa takmi\u010darima, upozna sa vrhunskim fabri\u010dkim hard enduro voza\u010dima i vidi najnovije modele motora za 2024. godinu.<\/p>\n<p>U okviru ovog svojevrsnog \u010detvorodnevnog moto spektakla, koji \u0107e trajati od 17. do 20. maja 2023. godine, takmi\u010dari \u0107e motorima prelaziti najrazli\u010ditije prepreke, odmeravaju\u0107i svoju snagu, izdr\u017eljivost i sposobnosti po \u017eivopisnim, ali izuzetno zahtevnim stazama najlep\u0161ih planina Srbije. Ove godine voze se \u010detiri kategorije Pro, Ekspert, Hobi i Amater.<\/p>\n<p>U sredu, 17. maja\u00a0 previ\u0111eni su trening i kvalifikacije na Prologu za sve klase, dok \u0107e od 16 \u010dasova po\u010deti Akrapovi\u010d Straight Rhythm finale, pravi spektakl i posebna atrakcija, kada \u0107e posetioci mo\u0107i bli\u017ee da se upoznaju sa ovom zahtevnom moto disciplinom.<\/p>\n<p>Prvi trka\u010dki dan je u \u010detvrtak 18. maja u 8.00 \u010dasova, kada \u0107e voza\u010di voziti prvih 100 km na Tari. U petak 19. maja vozi se jo\u0161 100 kilometara po stazama Mokre Gore, dok \u0107e poslednjeg dana u subotu, 20. maja, voza\u010di poku\u0161ati da savladaju jo\u0161 100 km na Zlatiboru, nakon \u010dega \u0107e na Kraljevom trgu u 15 \u010dasova biti i sve\u010dano progla\u0161enje pobednika.<\/p>\n<p>O\u010dekuje se da \u0107e Xross Hard Enduro reliju prisustvovati vi\u0161e od 10.000 posetilaca, koji \u0107e na sve tri planine, na posebno odre\u0111enim lokacijama za gledaoce, mo\u0107i da prate trku na licu mesta, uz napomenu da je iz bezbednosnih razloga publici strogo zabranjeno kretanje ostalim delovima trase koji nisu obele\u017eeni kao mesta za posetioce.<\/p>\n<p>Svi zainteresovani dodatne informacije mogu prona\u0107i na sajtu https:\/\/www.xross.rs\/ dok se zvani\u010dne informacije o hard enduro Svetskom \u0161ampionatu i ostalim rundama mogu na\u0107i na\u00a0 https:\/\/iridehardenduro.com\/<\/p>\n<p>&nbsp;<\/p>\n<p>Foto: Predrag Vu\u010dkovi\u0107<\/p>\n","protected":false},"excerpt":{"rendered":"<p>&nbsp; Spektakularnim defileom vi\u0161e od 300 hard enduro voza\u010da iz 40 zemalja koji su se, nose\u0107i zastave svojih dr\u017eava, provozali centrom Zlatibora do Kraljevog trga, &hellip; <\/p>\n","protected":false},"author":2,"featured_media":34995,"comment_status":"open","ping_status":"open","sticky":false,"template":"","format":"standard","meta":{"footnotes":""},"categories":[5787,1524,2,1514,887,21,12],"tags":[2762,6203,2876],"_links":{"self":[{"href":"https:\/\/centralmedia.rs\/index.php\/wp-json\/wp\/v2\/posts\/34994"}],"collection":[{"href":"https:\/\/centralmedia.rs\/index.php\/wp-json\/wp\/v2\/posts"}],"about":[{"href":"https:\/\/centralmedia.rs\/index.php\/wp-json\/wp\/v2\/types\/post"}],"author":[{"embeddable":true,"href":"https:\/\/centralmedia.rs\/index.php\/wp-json\/wp\/v2\/users\/2"}],"replies":[{"embeddable":true,"href":"https:\/\/centralmedia.rs\/index.php\/wp-json\/wp\/v2\/comments?post=34994"}],"version-history":[{"count":1,"href":"https:\/\/centralmedia.rs\/index.php\/wp-json\/wp\/v2\/posts\/34994\/revisions"}],"predecessor-version":[{"id":34998,"href":"https:\/\/centralmedia.rs\/index.php\/wp-json\/wp\/v2\/posts\/34994\/revisions\/34998"}],"wp:featuredmedia":[{"embeddable":true,"href":"https:\/\/centralmedia.rs\/index.php\/wp-json\/wp\/v2\/media\/34995"}],"wp:attachment":[{"href":"https:\/\/centralmedia.rs\/index.php\/wp-json\/wp\/v2\/media?parent=34994"}],"wp:term":[{"taxonomy":"category","embeddable":true,"href":"https:\/\/centralmedia.rs\/index.php\/wp-json\/wp\/v2\/categories?post=34994"},{"taxonomy":"post_tag","embeddable":true,"href":"https:\/\/centralmedia.rs\/index.php\/wp-json\/wp\/v2\/tags?post=34994"}],"curies":[{"name":"wp","href":"https:\/\/api.w.org\/{rel}","templated":true}]}}