{"id":35020,"date":"2023-05-20T00:45:17","date_gmt":"2023-05-19T22:45:17","guid":{"rendered":"http:\/\/centralmedia.rs\/?p=35020"},"modified":"2023-05-22T21:10:23","modified_gmt":"2023-05-22T19:10:23","slug":"palma-nisu-zakazale-institucije-krivi-su-roditelji-ubica-i-maloletnika-u-beogradu-i-one-bitange-u-mladenovcu","status":"publish","type":"post","link":"https:\/\/centralmedia.rs\/index.php\/2023\/05\/20\/palma-nisu-zakazale-institucije-krivi-su-roditelji-ubica-i-maloletnika-u-beogradu-i-one-bitange-u-mladenovcu\/","title":{"rendered":"PALMA : NISU ZAKAZALE INSTITUCIJE, KRIVI SU RODITELJI UBICA I MALOLETNIKA U BEOGRADU I ONE BITANGE U MLADENOVCU"},"content":{"rendered":"<p>&nbsp;<\/p>\n<p>\u201eOpozicioni politi\u010dari \u017eele da tragediju koja je zadesila Srbiju pretvore u politi\u010dku korist. Ja nisam protiv toga da opozicija \u0161eta i ka\u017eu da \u0161etaju protiv nasilja, ali moje pitanje je za\u0161to, ako \u0161etaju protiv nasilja, ne nose crni flor na reveru i da na taj na\u010din poka\u017eu svoje saose\u0107anje sa porodicama koje su izgubile svoje najmilije. Kada se ne\u0161to desi u Evropi vidimo da fudbaleri na svim utakmicama nose crni flor i u doma\u0107im ligama i u evropskim takmi\u010denjima. Ako mi ne mo\u017eemo da se ujedinimo oko ovakve tragedije ili oko nacionalnih pitanja&#8230; Izgleda da nas sve razjedinjuje. Ja ne prihvatam da su institucije zakasnile ili zakazale, krivi su roditelji tih ubica, i maloletnika u Beogradu i one bitange u Mladenovcu. Njihovi roditelji su najve\u0107i krivci. Nije kriv ni Bata Ga\u0161i\u0107, ni Vu\u010di\u0107, ni bilo kod ministara, ni predsednik Vu\u010di\u0107. Krivi su roditelji od tih ubica. Da li je Bata Ga\u0161i\u0107 mogao da zna koliko pu\u0161aka ima ta budala iz Mladenovca ? Ne. Da li je Vu\u010di\u0107 to moga da zna? Ne. Ali roditelji tih ubica su znali i znali su roditelji tog maloletnika iz Beograda da im je dete sklono oru\u017eju i \u0161ta bi moglo da napravi\u201c, istakao je u raspravi u Skup\u0161tini Srbije predsednik i \u0161ef poslani\u010dke grupe Jedinstvene Srbije Dragan Markovi\u0107 Palma.<\/p>\n<p>\u201eUVESTI PREDMET \u201ePORODICA\u201c U \u0160KOLAMA I VRATITI AUTORITET NASTAVNICMA, U\u010cITELJIMA I PROFESORIMA<\/p>\n<p>\u201cTa dvojica izvr\u0161ilaca stra\u0161nih zlo\u010dina nikada ne treba da iza\u0111u iz zatvora. Svakodnevno ponavljam ve\u0107 \u0161est godina da roditelji treba da znaju \u0161ta je predmet interesovanja njihove dece na dru\u0161tvenim mre\u017eama. Mi moramo da vratimo autoritet u\u010diteljima, nastavnicima i profesorima u \u0161kolama. Svaka \u0161kola zna koje je dete u njihovoj \u0161koli problemati\u010dno, ali ne smeju da jave roditeljima. I moramo da uvedemo predmet \u201eporodica\u201c. Mi smo u na\u0161e vreme imali predmet \u201eDoma\u0107instvo\u201c, koji je kasnije ukinut, ali danas treba da se uvede predmet \u201eporodica\u201c, da deca znaju \u0161ta je porodica i \u0161ta zna\u010di porodica\u201c, kazao je Markovi\u0107.<\/p>\n<p>BOJIM SE DA NE DO\u0110E DO GRA\u0110ANSKOG RATA<\/p>\n<p>\u201eOpozicija ka\u017ee da ima nasilja u Srbiji, pa ako ima nasilja za\u0161to dolaze u Srbiju toliki investitori i otvaraju fabrike i zapo\u0161ljavaju na\u0161e gra\u0111ane. Niko ne\u0107e da ula\u017ee svoje pare tamo gde je nestabilno, gde ima nasilja i gde njihov kapital nije siguran. Ja razumem da neko ho\u0107e da do\u0111e na vlast, ali mora da postoji tolerancija i fleksibilnost i na vlast se dolazi samo na izborima, ulica ni\u0161ta ne re\u0161ava. Ukoliko se nastave demonstracije, ja se bojim da ne do\u0111e do gra\u0111anskog rata u Srbiji. Sada oni organizuju mitinge, pa mi i ajde to da zavr\u0161imo i da radimo ne\u0161to za Srbiju. Opozicija mo\u017ee da \u0161eta, ali ne mo\u017ee da blokira ne\u0161to \u0161to se zove E 75, me\u0111unarodni autoput. Ja sam za to da se zakoni donose u Skup\u0161tini Srbije, a ne na ulici. Mene vlast ne interesuje, ali me interesuje da Srbija ide napred, da Srbija ne ratuje, da niko ne ide u rat i da u Srbiji svako \u017eivi od svog rada i moj poziv opoziciji je da sada budemo jedinstveni\u201c, zaklju\u010dio je Dragan Markovi\u0107 Palma.<\/p>\n","protected":false},"excerpt":{"rendered":"<p>&nbsp; \u201eOpozicioni politi\u010dari \u017eele da tragediju koja je zadesila Srbiju pretvore u politi\u010dku korist. Ja nisam protiv toga da opozicija \u0161eta i ka\u017eu da \u0161etaju &hellip; <\/p>\n","protected":false},"author":2,"featured_media":35021,"comment_status":"open","ping_status":"open","sticky":false,"template":"","format":"standard","meta":{"footnotes":""},"categories":[1524,2,1514,5643,13,887,12],"tags":[120,4167],"_links":{"self":[{"href":"https:\/\/centralmedia.rs\/index.php\/wp-json\/wp\/v2\/posts\/35020"}],"collection":[{"href":"https:\/\/centralmedia.rs\/index.php\/wp-json\/wp\/v2\/posts"}],"about":[{"href":"https:\/\/centralmedia.rs\/index.php\/wp-json\/wp\/v2\/types\/post"}],"author":[{"embeddable":true,"href":"https:\/\/centralmedia.rs\/index.php\/wp-json\/wp\/v2\/users\/2"}],"replies":[{"embeddable":true,"href":"https:\/\/centralmedia.rs\/index.php\/wp-json\/wp\/v2\/comments?post=35020"}],"version-history":[{"count":1,"href":"https:\/\/centralmedia.rs\/index.php\/wp-json\/wp\/v2\/posts\/35020\/revisions"}],"predecessor-version":[{"id":35022,"href":"https:\/\/centralmedia.rs\/index.php\/wp-json\/wp\/v2\/posts\/35020\/revisions\/35022"}],"wp:featuredmedia":[{"embeddable":true,"href":"https:\/\/centralmedia.rs\/index.php\/wp-json\/wp\/v2\/media\/35021"}],"wp:attachment":[{"href":"https:\/\/centralmedia.rs\/index.php\/wp-json\/wp\/v2\/media?parent=35020"}],"wp:term":[{"taxonomy":"category","embeddable":true,"href":"https:\/\/centralmedia.rs\/index.php\/wp-json\/wp\/v2\/categories?post=35020"},{"taxonomy":"post_tag","embeddable":true,"href":"https:\/\/centralmedia.rs\/index.php\/wp-json\/wp\/v2\/tags?post=35020"}],"curies":[{"name":"wp","href":"https:\/\/api.w.org\/{rel}","templated":true}]}}