{"id":35023,"date":"2023-05-20T02:01:47","date_gmt":"2023-05-20T00:01:47","guid":{"rendered":"http:\/\/centralmedia.rs\/?p=35023"},"modified":"2023-05-24T21:16:26","modified_gmt":"2023-05-24T19:16:26","slug":"dobar-pocetak-primarnog-odvajanja-otpada-na-zlatiboru","status":"publish","type":"post","link":"https:\/\/centralmedia.rs\/index.php\/2023\/05\/20\/dobar-pocetak-primarnog-odvajanja-otpada-na-zlatiboru\/","title":{"rendered":"Dobar po\u010detak primarnog odvajanja otpada na Zlatiboru"},"content":{"rendered":"<p>&nbsp;<\/p>\n<p>&#8211; Op\u0161tina \u010cajetina je u Kulturnom centru Zlatibor predstavila prve rezultate projekta \u201eOdvajamo\u201c u okviru koga se, uz pomo\u0107 Ministarstva za za\u0161titu \u017eivotne sredine, Evropske unije i Kraljevine \u0160vedske, realizuje primarno odvajanje otpada u \u010detiri regiona i sedamnaest gradova i op\u0161tina Srbije.<\/p>\n<div id='gallery-1' class='gallery galleryid-35023 gallery-columns-3 gallery-size-thumbnail'><figure class='gallery-item'>\n\t\t\t<div class='gallery-icon landscape'>\n\t\t\t\t<a href='https:\/\/centralmedia.rs\/index.php\/2023\/05\/20\/dobar-pocetak-primarnog-odvajanja-otpada-na-zlatiboru\/odvajamootpad-2\/'><img loading=\"lazy\" decoding=\"async\" width=\"150\" height=\"150\" src=\"https:\/\/centralmedia.rs\/wp-content\/uploads\/2023\/05\/Odvajamootpad-2-150x150.jpg\" class=\"attachment-thumbnail size-thumbnail\" alt=\"\" \/><\/a>\n\t\t\t<\/div><\/figure><figure class='gallery-item'>\n\t\t\t<div class='gallery-icon portrait'>\n\t\t\t\t<a href='https:\/\/centralmedia.rs\/index.php\/2023\/05\/20\/dobar-pocetak-primarnog-odvajanja-otpada-na-zlatiboru\/odvajamootpad-4\/'><img loading=\"lazy\" decoding=\"async\" width=\"150\" height=\"150\" src=\"https:\/\/centralmedia.rs\/wp-content\/uploads\/2023\/05\/Odvajamootpad-4-150x150.jpg\" class=\"attachment-thumbnail size-thumbnail\" alt=\"\" srcset=\"https:\/\/centralmedia.rs\/wp-content\/uploads\/2023\/05\/Odvajamootpad-4-150x150.jpg 150w, https:\/\/centralmedia.rs\/wp-content\/uploads\/2023\/05\/Odvajamootpad-4-400x400.jpg 400w\" sizes=\"(max-width: 150px) 100vw, 150px\" \/><\/a>\n\t\t\t<\/div><\/figure><figure class='gallery-item'>\n\t\t\t<div class='gallery-icon landscape'>\n\t\t\t\t<a href='https:\/\/centralmedia.rs\/index.php\/2023\/05\/20\/dobar-pocetak-primarnog-odvajanja-otpada-na-zlatiboru\/odvajamootpad\/'><img loading=\"lazy\" decoding=\"async\" width=\"150\" height=\"150\" src=\"https:\/\/centralmedia.rs\/wp-content\/uploads\/2023\/05\/Odvajamootpad-150x150.jpg\" class=\"attachment-thumbnail size-thumbnail\" alt=\"\" \/><\/a>\n\t\t\t<\/div><\/figure>\n\t\t<\/div>\n\n<p>\u201eIzuzetno sam zadovoljan da su gra\u0111ani op\u0161tine \u010cajetina oberu\u010dke, od najmla\u0111ih do najstarijih, prihvatili da u svojim mikrosredinama rade na primarnom odvajanju otpada koji se kasnije odvozi do regionalnih deponija gde se reciklira i koristi u daljem procesu privrede i \u017eivota. Svuda u svetu otpad je i veliki biznis, a za lokalne samouprave i zna\u010dajan izvor prihoda koji se kasnije mo\u017ee upotrebiti u realizaciji svih onih projekata koji lokalnom stanovni\u0161tvu donose samo koristi\u201c izjavio je Milan Stamatovi\u0107, predsednik Op\u0161tine \u010cajetina, dodaju\u0107i da se nada da \u0107e i povremeni stanovnici i turisti tako\u0111e prepoznati i aktivno se uklju\u010diti u ovaj projekat u funkciji za\u0161tite \u017eivotne sredine.<\/p>\n<p>Ostalo je jo\u0161 da izgradimo recikla\u017eno dvori\u0161te, centralnu kompostanu i postrojenje za tretman gra\u0111evinskog otpada u koje \u0107e lokalna samouprava investirati zna\u010dajna finansijska sredstva, najavio je Stamatovi\u0107, \u010dime krupnim koracima idemo ka cilju da postanemo prva ekolo\u0161ka op\u0161tina u Srbiji. Upravo su nam na Zlatiboru u poseti preko 300 u\u010desnika prve ovogodi\u0161nje trke Svetskog moto hard enduro \u0161ampionata iz 40 zemalja sveta, koji \u0107e u svojim domovinama mo\u0107i da prenesu sliku jedne lep\u0161e i ekolo\u0161ki zdravije Srbije.<\/p>\n<p>Ispred ambasade Kraljevine \u0160vedske, zemlje evropskog lidera u ulaganjima u zelene tehnologije i jednog od glavnih partnera u realizaciji projekta \u201eOdvajamo\u201c, gospo\u0111a Karin Mekdonald se pohvalno izrazila u odnosu na sve \u0161to su stanovnici, javna preduze\u0107a i lokalna samouprava \u010cajetine uradili u prethodne dve godine, izraziv\u0161i nadu da \u0107e i druge op\u0161tine Srbije pratiti ovaj primer dobre prakse op\u0161tine \u010cajetina.<\/p>\n<p>Rukovodilac komunalne slu\u017ebe KJP \u201eZlatibor&#8221; gospo\u0111a Vera Blagojevi\u0107 je istakla da se stalno pove\u0107ava koli\u010dina prikupljenog primarno selektovanog otpada, \u010dija \u010distina od 95 odsto samo zna\u010di da su svi stanovnici op\u0161tine \u010cajetina veoma ozbiljno shvatili ovaj napor op\u0161tine da od lokalne sredine stvori ekolo\u0161ki \u010distu sredinu.<\/p>\n<p>Kako su i mladi sa teritorije op\u0161tine \u010cajetina aktivni u\u010desnici primarnog odvajanja otpada, ovom prilikom su svoj doprinos dali pevanjem himne \u201eCirkularne ekonomije\u201c i \u010ditanjem najboljih radova literarnih konkursa na temu o\u010duvanja \u017eivotne sredine i klimatskih promena.<\/p>\n","protected":false},"excerpt":{"rendered":"<p>&nbsp; &#8211; Op\u0161tina \u010cajetina je u Kulturnom centru Zlatibor predstavila prve rezultate projekta \u201eOdvajamo\u201c u okviru koga se, uz pomo\u0107 Ministarstva za za\u0161titu \u017eivotne sredine, &hellip; <\/p>\n","protected":false},"author":2,"featured_media":35024,"comment_status":"open","ping_status":"open","sticky":false,"template":"","format":"standard","meta":{"footnotes":""},"categories":[22,2875,5787,1524,2,887,12],"tags":[2762,6206,2876],"_links":{"self":[{"href":"https:\/\/centralmedia.rs\/index.php\/wp-json\/wp\/v2\/posts\/35023"}],"collection":[{"href":"https:\/\/centralmedia.rs\/index.php\/wp-json\/wp\/v2\/posts"}],"about":[{"href":"https:\/\/centralmedia.rs\/index.php\/wp-json\/wp\/v2\/types\/post"}],"author":[{"embeddable":true,"href":"https:\/\/centralmedia.rs\/index.php\/wp-json\/wp\/v2\/users\/2"}],"replies":[{"embeddable":true,"href":"https:\/\/centralmedia.rs\/index.php\/wp-json\/wp\/v2\/comments?post=35023"}],"version-history":[{"count":1,"href":"https:\/\/centralmedia.rs\/index.php\/wp-json\/wp\/v2\/posts\/35023\/revisions"}],"predecessor-version":[{"id":35028,"href":"https:\/\/centralmedia.rs\/index.php\/wp-json\/wp\/v2\/posts\/35023\/revisions\/35028"}],"wp:featuredmedia":[{"embeddable":true,"href":"https:\/\/centralmedia.rs\/index.php\/wp-json\/wp\/v2\/media\/35024"}],"wp:attachment":[{"href":"https:\/\/centralmedia.rs\/index.php\/wp-json\/wp\/v2\/media?parent=35023"}],"wp:term":[{"taxonomy":"category","embeddable":true,"href":"https:\/\/centralmedia.rs\/index.php\/wp-json\/wp\/v2\/categories?post=35023"},{"taxonomy":"post_tag","embeddable":true,"href":"https:\/\/centralmedia.rs\/index.php\/wp-json\/wp\/v2\/tags?post=35023"}],"curies":[{"name":"wp","href":"https:\/\/api.w.org\/{rel}","templated":true}]}}