{"id":35060,"date":"2023-05-24T20:53:37","date_gmt":"2023-05-24T18:53:37","guid":{"rendered":"http:\/\/centralmedia.rs\/?p=35060"},"modified":"2023-05-31T14:43:09","modified_gmt":"2023-05-31T12:43:09","slug":"rekonstrukcija-centra-svilajnca","status":"publish","type":"post","link":"https:\/\/centralmedia.rs\/index.php\/2023\/05\/24\/rekonstrukcija-centra-svilajnca\/","title":{"rendered":"REKONSTRUKCIJA CENTRA SVILAJNCA"},"content":{"rendered":"<p>&nbsp;<\/p>\n<p>SVILAJNAC-Predsednik op\u0161tine Svilajnac Predrag Milanovi\u0107 obi\u0161ao je danas radove na rekonstrukciji Krive \u010dar\u0161ije i Topli\u010dine ulice koji su uveliko u toku:<\/p>\n<p>\u201eOvo su radovi koji vi\u0161e od 50 godina nisu ra\u0111eni u gradu. Zamenili smo azbestne vodovodne cevi, trenutno se radi kanalizacija i ki\u0161na kanalizacija. Menjaju se i elektro instalacije, instalacije za gas, opti\u010dki kablovi&#8230; Radi se i fontana, novi behaton i \u010car\u0161ija \u0107e dobiti jedan novi kvalitet i izgled. Vreme nas do sada nije poslu\u017eilo, ali se sad radovi intenziviraju i plan je da do po\u010detka jula i letnje sezone prvi deo Krive \u010dar\u0161ije bude zavr\u0161en. Tako\u0111e, trenutno se rekonstrui\u0161e i Topli\u010dina ulica, azbestna cev koja prolazi i kroz tu ulicu je zamenjena, u toku su radovi na kanalizaciji i ki\u0161noj kanalizaciji, a plan je da se uradi i novi kolovoz i trotoari\u201c \u2013 izjavio je on i zahvalio svim gra\u0111anima na strpljenju i razumevanju.<\/p>\n<div id='gallery-1' class='gallery galleryid-35060 gallery-columns-4 gallery-size-thumbnail'><figure class='gallery-item'>\n\t\t\t<div class='gallery-icon landscape'>\n\t\t\t\t<a href='https:\/\/centralmedia.rs\/index.php\/2023\/05\/24\/rekonstrukcija-centra-svilajnca\/vodovod1-5\/'><img loading=\"lazy\" decoding=\"async\" width=\"150\" height=\"150\" src=\"https:\/\/centralmedia.rs\/wp-content\/uploads\/2023\/05\/vodovod1-150x150.jpg\" class=\"attachment-thumbnail size-thumbnail\" alt=\"\" \/><\/a>\n\t\t\t<\/div><\/figure><figure class='gallery-item'>\n\t\t\t<div class='gallery-icon landscape'>\n\t\t\t\t<a href='https:\/\/centralmedia.rs\/index.php\/2023\/05\/24\/rekonstrukcija-centra-svilajnca\/vodovod2-5\/'><img loading=\"lazy\" decoding=\"async\" width=\"150\" height=\"150\" src=\"https:\/\/centralmedia.rs\/wp-content\/uploads\/2023\/05\/vodovod2-150x150.jpg\" class=\"attachment-thumbnail size-thumbnail\" alt=\"\" \/><\/a>\n\t\t\t<\/div><\/figure><figure class='gallery-item'>\n\t\t\t<div class='gallery-icon landscape'>\n\t\t\t\t<a href='https:\/\/centralmedia.rs\/index.php\/2023\/05\/24\/rekonstrukcija-centra-svilajnca\/vodovod3-4\/'><img loading=\"lazy\" decoding=\"async\" width=\"150\" height=\"150\" src=\"https:\/\/centralmedia.rs\/wp-content\/uploads\/2023\/05\/vodovod3-150x150.jpg\" class=\"attachment-thumbnail size-thumbnail\" alt=\"\" \/><\/a>\n\t\t\t<\/div><\/figure><figure class='gallery-item'>\n\t\t\t<div class='gallery-icon landscape'>\n\t\t\t\t<a href='https:\/\/centralmedia.rs\/index.php\/2023\/05\/24\/rekonstrukcija-centra-svilajnca\/vodovod4\/'><img loading=\"lazy\" decoding=\"async\" width=\"150\" height=\"150\" src=\"https:\/\/centralmedia.rs\/wp-content\/uploads\/2023\/05\/vodovod4-150x150.jpg\" class=\"attachment-thumbnail size-thumbnail\" alt=\"\" \/><\/a>\n\t\t\t<\/div><\/figure>\n\t\t<\/div>\n\n<p>Tokom jula i avgusta ne\u0107e biti radova u Krivoj \u010dar\u0161iji, a oni \u0107e se nastaviti u septembru kada \u0107e se raditi rekonstrukcija od Spomenika Stevana Sin\u0111eli\u0107a do glavne ulice.<\/p>\n","protected":false},"excerpt":{"rendered":"<p>&nbsp; SVILAJNAC-Predsednik op\u0161tine Svilajnac Predrag Milanovi\u0107 obi\u0161ao je danas radove na rekonstrukciji Krive \u010dar\u0161ije i Topli\u010dine ulice koji su uveliko u toku: \u201eOvo su radovi &hellip; <\/p>\n","protected":false},"author":2,"featured_media":35061,"comment_status":"open","ping_status":"open","sticky":false,"template":"","format":"standard","meta":{"footnotes":""},"categories":[1524,2,887,16,12,5785,1517],"tags":[1280,38],"_links":{"self":[{"href":"https:\/\/centralmedia.rs\/index.php\/wp-json\/wp\/v2\/posts\/35060"}],"collection":[{"href":"https:\/\/centralmedia.rs\/index.php\/wp-json\/wp\/v2\/posts"}],"about":[{"href":"https:\/\/centralmedia.rs\/index.php\/wp-json\/wp\/v2\/types\/post"}],"author":[{"embeddable":true,"href":"https:\/\/centralmedia.rs\/index.php\/wp-json\/wp\/v2\/users\/2"}],"replies":[{"embeddable":true,"href":"https:\/\/centralmedia.rs\/index.php\/wp-json\/wp\/v2\/comments?post=35060"}],"version-history":[{"count":1,"href":"https:\/\/centralmedia.rs\/index.php\/wp-json\/wp\/v2\/posts\/35060\/revisions"}],"predecessor-version":[{"id":35066,"href":"https:\/\/centralmedia.rs\/index.php\/wp-json\/wp\/v2\/posts\/35060\/revisions\/35066"}],"wp:featuredmedia":[{"embeddable":true,"href":"https:\/\/centralmedia.rs\/index.php\/wp-json\/wp\/v2\/media\/35061"}],"wp:attachment":[{"href":"https:\/\/centralmedia.rs\/index.php\/wp-json\/wp\/v2\/media?parent=35060"}],"wp:term":[{"taxonomy":"category","embeddable":true,"href":"https:\/\/centralmedia.rs\/index.php\/wp-json\/wp\/v2\/categories?post=35060"},{"taxonomy":"post_tag","embeddable":true,"href":"https:\/\/centralmedia.rs\/index.php\/wp-json\/wp\/v2\/tags?post=35060"}],"curies":[{"name":"wp","href":"https:\/\/api.w.org\/{rel}","templated":true}]}}