{"id":35067,"date":"2023-05-24T21:03:13","date_gmt":"2023-05-24T19:03:13","guid":{"rendered":"http:\/\/centralmedia.rs\/?p=35067"},"modified":"2023-05-31T14:43:00","modified_gmt":"2023-05-31T12:43:00","slug":"pocela-primarna-selekcija-otpada-na-zlatiboru","status":"publish","type":"post","link":"https:\/\/centralmedia.rs\/index.php\/2023\/05\/24\/pocela-primarna-selekcija-otpada-na-zlatiboru\/","title":{"rendered":"PO\u010cELA PRIMARNA SELEKCIJA OTPADA NA ZLATIBORU"},"content":{"rendered":"<p>&nbsp;<\/p>\n<p>\u010cAJETINA-KJP \u201eZlatibor\u201c \u010cajetina, u ponedeljak 22. maja po\u010delo je sa podelom kanti za primarnu selekciju otpada za korisnike komunalnih usluga na teritoriji naseljenog mesta Zlatibor. Kante se dele prema isplaniranim rutama, a kao \u0161to je najavljeno, podela je krenula od naselja Obudojevica. Prisutni gra\u0111ani prilikom dobijanja komunalnih posuda potpisuju prate\u0107u izjavu u koju se unose osnovni podaci o korisniku, i broju zadu\u017eenih posuda. Osim toga, svi koji preuzmu posude dobijaju flajere sa uputstvima, ali i smernice za pravilno razvrstavanje otpada direktno od zaposlenih na terenu.<\/p>\n<div id='gallery-1' class='gallery galleryid-35067 gallery-columns-3 gallery-size-thumbnail'><figure class='gallery-item'>\n\t\t\t<div class='gallery-icon portrait'>\n\t\t\t\t<a href='https:\/\/centralmedia.rs\/index.php\/2023\/05\/24\/pocela-primarna-selekcija-otpada-na-zlatiboru\/selekcija\/'><img loading=\"lazy\" decoding=\"async\" width=\"150\" height=\"150\" src=\"https:\/\/centralmedia.rs\/wp-content\/uploads\/2023\/05\/Selekcija-150x150.jpg\" class=\"attachment-thumbnail size-thumbnail\" alt=\"\" srcset=\"https:\/\/centralmedia.rs\/wp-content\/uploads\/2023\/05\/Selekcija-150x150.jpg 150w, https:\/\/centralmedia.rs\/wp-content\/uploads\/2023\/05\/Selekcija-400x400.jpg 400w\" sizes=\"(max-width: 150px) 100vw, 150px\" \/><\/a>\n\t\t\t<\/div><\/figure><figure class='gallery-item'>\n\t\t\t<div class='gallery-icon portrait'>\n\t\t\t\t<a href='https:\/\/centralmedia.rs\/index.php\/2023\/05\/24\/pocela-primarna-selekcija-otpada-na-zlatiboru\/selekcija3\/'><img loading=\"lazy\" decoding=\"async\" width=\"150\" height=\"150\" src=\"https:\/\/centralmedia.rs\/wp-content\/uploads\/2023\/05\/Selekcija3-150x150.jpg\" class=\"attachment-thumbnail size-thumbnail\" alt=\"\" srcset=\"https:\/\/centralmedia.rs\/wp-content\/uploads\/2023\/05\/Selekcija3-150x150.jpg 150w, https:\/\/centralmedia.rs\/wp-content\/uploads\/2023\/05\/Selekcija3-400x400.jpg 400w\" sizes=\"(max-width: 150px) 100vw, 150px\" \/><\/a>\n\t\t\t<\/div><\/figure><figure class='gallery-item'>\n\t\t\t<div class='gallery-icon portrait'>\n\t\t\t\t<a href='https:\/\/centralmedia.rs\/index.php\/2023\/05\/24\/pocela-primarna-selekcija-otpada-na-zlatiboru\/selekcija4\/'><img loading=\"lazy\" decoding=\"async\" width=\"150\" height=\"150\" src=\"https:\/\/centralmedia.rs\/wp-content\/uploads\/2023\/05\/Selekcija4-150x150.jpg\" class=\"attachment-thumbnail size-thumbnail\" alt=\"\" srcset=\"https:\/\/centralmedia.rs\/wp-content\/uploads\/2023\/05\/Selekcija4-150x150.jpg 150w, https:\/\/centralmedia.rs\/wp-content\/uploads\/2023\/05\/Selekcija4-400x400.jpg 400w\" sizes=\"(max-width: 150px) 100vw, 150px\" \/><\/a>\n\t\t\t<\/div><\/figure>\n\t\t<\/div>\n\n<p>\u201eBitno je da otpad koji se odla\u017ee u plavu kantu bude pravilno selektovan (papir, plastika, karton, metal i druga ambala\u017ea iz doma\u0107instva), kao i da se ambala\u017ea od mle\u010dnih proizvoda ispere od sadr\u017eaja koji je u njemu. Mi \u0107emo kontrolisati sav otpad koji je u plavoj, ali i u zelenoj kanti. Naseljeno mesto Zlatibor je specifi\u010dno i bi\u0107e korisnika koji nisu kod ku\u0107e, jer ima i doma\u0107instava gde ljudi povremeno dolaze tokom letnje ili zimske sezone.<\/p>\n<p>Doneli smo odluku da svakom korisniku ostavimo komunalne posude u okviru njihovog dvori\u0161ta, kao i izjavu koju je neophodno da potpi\u0161u, a potom dostave u KJP \u201eZlatibor\u201c na adresu: Bele vode 87, Zlatibor\u201c, istakla je Vera Blagojevi\u0107, rukovodilac komunalne slu\u017ebe KJP \u201eZlatibor\u201c \u010cajetina. Dodaje da prvih dana na terenu doma\u0107instva pose\u0107uju tri edukatora, ali \u0107e se u narednim danima taj broj pove\u0107ati, jer je trenutno ovo jedan od najprioritetnijih poslova KJP \u201eZlatibor\u201c \u010cajetina.<\/p>\n<p>\u0160to se ti\u010de dinamike pra\u017enjenja, iz Komunalnog preduze\u0107a podse\u0107aju da se zelene kante prazne na sedam, a plave na 15 dana. U naselju Obudojevica prvo pra\u017enjenje zelenih kanti je 31. maja, a plavih i zelenih 07. juna. Korisnici su u obavezi da ih pomenutih dana iznesu uz saobra\u0107ajnicu, jer radnici ne\u0107e ulaziti ni u jedno dvori\u0161te, osim ukoliko tu \u017eive korisnici koji su slabo pokretni i nemaju drugu mogu\u0107nost. To se mo\u017ee posebno prijaviti na kontakt telefon 066 809 83 82, koji stoji i na obave\u0161tenjima koja se dostavljaju korisnicima.<\/p>\n<p>\u201ePrilikom pra\u017enjenja kanti, radnici \u0107e vr\u0161iti kontrolu selekcije i bele\u017eiti ukoliko ona nije dobro izvr\u0161ena. Takve kante prazni\u0107e autosme\u0107are zadu\u017eene za me\u0161ani otpad. Koleginice iz kontakt centra poziva\u0107e korisnike kako bi utvrdili u \u010demu je problem, i da li mo\u017eda nisu dovoljno informisani. Ukoliko i nakon toga ponovo ne bude bilo pravilnog selektovanja, bi\u0107e im zara\u010dunata tarifa za me\u0161ani otpad koja je dosta skuplja u odnosu na korisnike koji selektuju. S obzirom da je naseljeno mesto Zlatibor specifi\u010dno u odnosu na \u010cajetinu, jednom korisniku bi\u0107e potrebno vi\u0161e posuda. Oni na licu mesta na\u0161im edukatorima mogu re\u0107i da im je potreban ve\u0107i broj kanti, koje dobijaju bez nadoknade. Kante su obezbe\u0111ene iz Projekta Odvajamo ili sredstvima KJP \u201eZlatibor\u201c (kada su u pitanju zelene kante).<\/p>\n<p>Posude se daju bez nadoknade, a na korisnicima je da odrede koliko im je posuda potrebno, u skladu sa potrebama svog doma\u0107instva (da li samo oni tu borave, ili to doma\u0107instvo ima i neke komercijalne namene, odnosno da li vr\u0161i izdavanje sme\u0161taja)\u201c, pojasnila je Blagojevi\u0107.<\/p>\n<p>Kada su u pitanju stambene zajednice u naseljenom mestu Zlatibor, svaka stambena zajednica dobi\u0107e svoje plave i zelene kontejnere, a podela tih posuda vr\u0161i\u0107e se preko upravnika, koji \u0107e potpisivati izjavu. Svaka stambena zajednica je u obavezi da na vidnom mestu na ulazu istakne poster sa pravilima primarne separacije otpada, koje \u0107e obezbediti KJP \u201eZlatibor\u201c. Ono \u0161to je novina, a \u0161to se nalazi u Odluci o upravljanju komunalnim otpadom jeste i obaveza svih apartmana, hotela i drugih ugostiteljskih objekata koji se bave izdavanjem, da unutar stambene jedinice, odnosno ugostiteljskog objekta istaknu pravila primarne separacije otpada, i obezbede dve kante &#8211; za me\u0161ani i primarno selektovani otpad.<\/p>\n","protected":false},"excerpt":{"rendered":"<p>&nbsp; \u010cAJETINA-KJP \u201eZlatibor\u201c \u010cajetina, u ponedeljak 22. maja po\u010delo je sa podelom kanti za primarnu selekciju otpada za korisnike komunalnih usluga na teritoriji naseljenog mesta &hellip; <\/p>\n","protected":false},"author":2,"featured_media":35068,"comment_status":"open","ping_status":"open","sticky":false,"template":"","format":"standard","meta":{"footnotes":""},"categories":[5787,2875,1524,2,887,16,12],"tags":[2762,6206,6208,2876],"_links":{"self":[{"href":"https:\/\/centralmedia.rs\/index.php\/wp-json\/wp\/v2\/posts\/35067"}],"collection":[{"href":"https:\/\/centralmedia.rs\/index.php\/wp-json\/wp\/v2\/posts"}],"about":[{"href":"https:\/\/centralmedia.rs\/index.php\/wp-json\/wp\/v2\/types\/post"}],"author":[{"embeddable":true,"href":"https:\/\/centralmedia.rs\/index.php\/wp-json\/wp\/v2\/users\/2"}],"replies":[{"embeddable":true,"href":"https:\/\/centralmedia.rs\/index.php\/wp-json\/wp\/v2\/comments?post=35067"}],"version-history":[{"count":1,"href":"https:\/\/centralmedia.rs\/index.php\/wp-json\/wp\/v2\/posts\/35067\/revisions"}],"predecessor-version":[{"id":35072,"href":"https:\/\/centralmedia.rs\/index.php\/wp-json\/wp\/v2\/posts\/35067\/revisions\/35072"}],"wp:featuredmedia":[{"embeddable":true,"href":"https:\/\/centralmedia.rs\/index.php\/wp-json\/wp\/v2\/media\/35068"}],"wp:attachment":[{"href":"https:\/\/centralmedia.rs\/index.php\/wp-json\/wp\/v2\/media?parent=35067"}],"wp:term":[{"taxonomy":"category","embeddable":true,"href":"https:\/\/centralmedia.rs\/index.php\/wp-json\/wp\/v2\/categories?post=35067"},{"taxonomy":"post_tag","embeddable":true,"href":"https:\/\/centralmedia.rs\/index.php\/wp-json\/wp\/v2\/tags?post=35067"}],"curies":[{"name":"wp","href":"https:\/\/api.w.org\/{rel}","templated":true}]}}