{"id":35111,"date":"2023-05-31T16:19:04","date_gmt":"2023-05-31T14:19:04","guid":{"rendered":"http:\/\/centralmedia.rs\/?p=35111"},"modified":"2023-06-02T15:44:35","modified_gmt":"2023-06-02T13:44:35","slug":"palma-rosu-i-kfor-su-sa-dugim-cevima-upali-u-srpske-kuce-i-srpska-dvorista-i-sta-treba-da-im-srbi-kafu-skuvaju","status":"publish","type":"post","link":"https:\/\/centralmedia.rs\/index.php\/2023\/05\/31\/palma-rosu-i-kfor-su-sa-dugim-cevima-upali-u-srpske-kuce-i-srpska-dvorista-i-sta-treba-da-im-srbi-kafu-skuvaju\/","title":{"rendered":"PALMA: ROSU I KFOR SU SA DUGIM CEVIMA UPALI U SRPSKE KU\u0106E I SRPSKA DVORI\u0160TA I \u0160TA TREBA, DA IM SRBI KAFU SKUVAJU"},"content":{"rendered":"<p>&nbsp;<\/p>\n<p>&#8220;Kosovski Albanci su prevarili i Srbiju i Evropsku uniju i SAD, jer nikada ni\u0161ta nisu realizovali \u0161to su potpisali. Mislim da je danas me\u0111unarodna zajednica blaga prema kosovskim Albancima. Srbi su \u017ertva na Kosovu i Metohiji i bore se, ali ne mogu da gledaju kako im neko upada u kuce i dvorista sa dugim cevima. ROSU i KFOR su upali u srpske ku\u0107e i srpska dvorista i sta Srbi treba da im skuvaju kafu. Dr\u017eava Srbija i Srbi na Kosovu i Metohiji tra\u017ee samo pravdu, a to zna\u010di da se po\u0161tuje Rezolucija 1244, Kumanovski sporazum i\u00a0 Briselski sporazum i da postoji bezbednost na Kosovu I Metohiji&#8221; izjavio je predsednik Jedinstvene Srbije Dragan Markovi\u0107 Palma za TV Pink. &#8220;Ovo je ne indirektan, nego direktan na\u010din proterivanja Srba sa Svete srpske zemlje. Predsednik Srbije Aleksandar Vu\u010di\u0107 se bori da diplomatskim putem poku\u0161a da re\u0161i taj problem. Ne\u0107e uspeti ni kosovski Albanci ni me\u0111unarodna zajednica da proteraju srpski narod sa Kosova i Metobije. Srbi na severu KiM nisu incidentan\u00a0 narod i nikada nisu prvi zapo\u010deli, ve\u0107 samo brane svoje \u017eivote i svoju imovinu&#8221;, rekao je Markovi\u0107. &#8220;Moj poziv opoziciji u Srbiji je da svi budemo jedinstveni u odbrani na\u0161ih dr\u017eavnih i nacionalnih interesa. Ako mi ne mo\u017eemo da budemo jedinstveni oko dr\u017eavnog i nacionnog pitanja i oko stra\u0161nih tragedija u \u0161koli u Beogradu i u selima oko Mladenovca i Smedereva, oko \u010dega \u0107emo. Pored toga, demonstracije opozicije prete da zaustave dalji dolazak privrednika u na\u0161u zemlju, koji gledaju kako se na svakih par dana ne\u0161to blokira, \u010dak i me\u0111unarodni autoput&#8221; kazao je predsednik Jedinstvene Srbije.<\/p>\n","protected":false},"excerpt":{"rendered":"<p>&nbsp; &#8220;Kosovski Albanci su prevarili i Srbiju i Evropsku uniju i SAD, jer nikada ni\u0161ta nisu realizovali \u0161to su potpisali. Mislim da je danas me\u0111unarodna &hellip; <\/p>\n","protected":false},"author":2,"featured_media":35112,"comment_status":"open","ping_status":"open","sticky":false,"template":"","format":"standard","meta":{"footnotes":""},"categories":[1524,2,1514,5643,13,887,12],"tags":[143,120,5432],"_links":{"self":[{"href":"https:\/\/centralmedia.rs\/index.php\/wp-json\/wp\/v2\/posts\/35111"}],"collection":[{"href":"https:\/\/centralmedia.rs\/index.php\/wp-json\/wp\/v2\/posts"}],"about":[{"href":"https:\/\/centralmedia.rs\/index.php\/wp-json\/wp\/v2\/types\/post"}],"author":[{"embeddable":true,"href":"https:\/\/centralmedia.rs\/index.php\/wp-json\/wp\/v2\/users\/2"}],"replies":[{"embeddable":true,"href":"https:\/\/centralmedia.rs\/index.php\/wp-json\/wp\/v2\/comments?post=35111"}],"version-history":[{"count":1,"href":"https:\/\/centralmedia.rs\/index.php\/wp-json\/wp\/v2\/posts\/35111\/revisions"}],"predecessor-version":[{"id":35113,"href":"https:\/\/centralmedia.rs\/index.php\/wp-json\/wp\/v2\/posts\/35111\/revisions\/35113"}],"wp:featuredmedia":[{"embeddable":true,"href":"https:\/\/centralmedia.rs\/index.php\/wp-json\/wp\/v2\/media\/35112"}],"wp:attachment":[{"href":"https:\/\/centralmedia.rs\/index.php\/wp-json\/wp\/v2\/media?parent=35111"}],"wp:term":[{"taxonomy":"category","embeddable":true,"href":"https:\/\/centralmedia.rs\/index.php\/wp-json\/wp\/v2\/categories?post=35111"},{"taxonomy":"post_tag","embeddable":true,"href":"https:\/\/centralmedia.rs\/index.php\/wp-json\/wp\/v2\/tags?post=35111"}],"curies":[{"name":"wp","href":"https:\/\/api.w.org\/{rel}","templated":true}]}}