{"id":35117,"date":"2023-05-29T16:26:09","date_gmt":"2023-05-29T14:26:09","guid":{"rendered":"http:\/\/centralmedia.rs\/?p=35117"},"modified":"2023-05-31T16:50:04","modified_gmt":"2023-05-31T14:50:04","slug":"sindelicevi-dani","status":"publish","type":"post","link":"https:\/\/centralmedia.rs\/index.php\/2023\/05\/29\/sindelicevi-dani\/","title":{"rendered":"&#8220;SIN\u0110ELI\u0106EVI DANI&#8221;"},"content":{"rendered":"<p>&nbsp;<\/p>\n<p>SVILAJNAC-Kulturna manifestacija &#8220;Sin\u0111eli\u0107evi dani&#8221;, koja se tradicionalno odr\u017eava svake godine u Svilajncu,\u00a0 sve\u010dano je otvorena sino\u0107 u Domu kulture u Grabovcu nastupom etno grupe \u201cIskon\u201d, svih u\u010denika osnovne \u0161kole iz Grabovca i de\u010dijim ansamblom KUD-a \u201eSin\u0111eli\u0107\u201c.<\/p>\n<div id='gallery-1' class='gallery galleryid-35117 gallery-columns-5 gallery-size-thumbnail'><figure class='gallery-item'>\n\t\t\t<div class='gallery-icon landscape'>\n\t\t\t\t<a href='https:\/\/centralmedia.rs\/index.php\/2023\/05\/29\/sindelicevi-dani\/dani1\/'><img loading=\"lazy\" decoding=\"async\" width=\"150\" height=\"150\" src=\"https:\/\/centralmedia.rs\/wp-content\/uploads\/2023\/05\/dani1-150x150.jpg\" class=\"attachment-thumbnail size-thumbnail\" alt=\"\" \/><\/a>\n\t\t\t<\/div><\/figure><figure class='gallery-item'>\n\t\t\t<div class='gallery-icon landscape'>\n\t\t\t\t<a href='https:\/\/centralmedia.rs\/index.php\/2023\/05\/29\/sindelicevi-dani\/dani2\/'><img loading=\"lazy\" decoding=\"async\" width=\"150\" height=\"150\" src=\"https:\/\/centralmedia.rs\/wp-content\/uploads\/2023\/05\/dani2-150x150.jpg\" class=\"attachment-thumbnail size-thumbnail\" alt=\"\" \/><\/a>\n\t\t\t<\/div><\/figure><figure class='gallery-item'>\n\t\t\t<div class='gallery-icon landscape'>\n\t\t\t\t<a href='https:\/\/centralmedia.rs\/index.php\/2023\/05\/29\/sindelicevi-dani\/dani3\/'><img loading=\"lazy\" decoding=\"async\" width=\"150\" height=\"150\" src=\"https:\/\/centralmedia.rs\/wp-content\/uploads\/2023\/05\/dani3-150x150.jpg\" class=\"attachment-thumbnail size-thumbnail\" alt=\"\" \/><\/a>\n\t\t\t<\/div><\/figure><figure class='gallery-item'>\n\t\t\t<div class='gallery-icon landscape'>\n\t\t\t\t<a href='https:\/\/centralmedia.rs\/index.php\/2023\/05\/29\/sindelicevi-dani\/dani4\/'><img loading=\"lazy\" decoding=\"async\" width=\"150\" height=\"150\" src=\"https:\/\/centralmedia.rs\/wp-content\/uploads\/2023\/05\/dani4-150x150.jpg\" class=\"attachment-thumbnail size-thumbnail\" alt=\"\" \/><\/a>\n\t\t\t<\/div><\/figure><figure class='gallery-item'>\n\t\t\t<div class='gallery-icon landscape'>\n\t\t\t\t<a href='https:\/\/centralmedia.rs\/index.php\/2023\/05\/29\/sindelicevi-dani\/dani5\/'><img loading=\"lazy\" decoding=\"async\" width=\"150\" height=\"150\" src=\"https:\/\/centralmedia.rs\/wp-content\/uploads\/2023\/05\/dani5-150x150.jpg\" class=\"attachment-thumbnail size-thumbnail\" alt=\"\" \/><\/a>\n\t\t\t<\/div><\/figure>\n\t\t<\/div>\n\n<p>Manifestaciju je u ime op\u0161tine Svilajnac otvorio predsednik Skup\u0161tine op\u0161tine Svilajnac dr Darko Jevti\u0107.<\/p>\n<p>Program manifestacije &#8220;Sin\u0111eli\u0107evi dani&#8221; danas se nastavlja u Centru za kulturu Svilajnac, gde se od 20 sati izvodi monodrama \u201cNa Drini \u0106uprija\u201d\u00a0 koji igra Tihomir Stani\u0107.U utorak u 19h sati je otvaranje izlo\u017ebe fotografija \u201cTron\u201d autora Pavela Surovija, dok se venci na Spomenik Stevanu Sin\u0111eli\u0107u pola\u017eu u sredu u 12 \u010dasova. Sin\u0111eli\u0107eve dane zatvara predstava Petrijin venac u izvo\u0111enju MIrjane Karanovi\u0107 u \u010detvrtak od 20 sati.<\/p>\n","protected":false},"excerpt":{"rendered":"<p>&nbsp; SVILAJNAC-Kulturna manifestacija &#8220;Sin\u0111eli\u0107evi dani&#8221;, koja se tradicionalno odr\u017eava svake godine u Svilajncu,\u00a0 sve\u010dano je otvorena sino\u0107 u Domu kulture u Grabovcu nastupom etno grupe &hellip; <\/p>\n","protected":false},"author":2,"featured_media":35118,"comment_status":"open","ping_status":"open","sticky":false,"template":"","format":"standard","meta":{"footnotes":""},"categories":[1524,2,15,887,12,1517,5785],"tags":[2905],"_links":{"self":[{"href":"https:\/\/centralmedia.rs\/index.php\/wp-json\/wp\/v2\/posts\/35117"}],"collection":[{"href":"https:\/\/centralmedia.rs\/index.php\/wp-json\/wp\/v2\/posts"}],"about":[{"href":"https:\/\/centralmedia.rs\/index.php\/wp-json\/wp\/v2\/types\/post"}],"author":[{"embeddable":true,"href":"https:\/\/centralmedia.rs\/index.php\/wp-json\/wp\/v2\/users\/2"}],"replies":[{"embeddable":true,"href":"https:\/\/centralmedia.rs\/index.php\/wp-json\/wp\/v2\/comments?post=35117"}],"version-history":[{"count":2,"href":"https:\/\/centralmedia.rs\/index.php\/wp-json\/wp\/v2\/posts\/35117\/revisions"}],"predecessor-version":[{"id":35131,"href":"https:\/\/centralmedia.rs\/index.php\/wp-json\/wp\/v2\/posts\/35117\/revisions\/35131"}],"wp:featuredmedia":[{"embeddable":true,"href":"https:\/\/centralmedia.rs\/index.php\/wp-json\/wp\/v2\/media\/35118"}],"wp:attachment":[{"href":"https:\/\/centralmedia.rs\/index.php\/wp-json\/wp\/v2\/media?parent=35117"}],"wp:term":[{"taxonomy":"category","embeddable":true,"href":"https:\/\/centralmedia.rs\/index.php\/wp-json\/wp\/v2\/categories?post=35117"},{"taxonomy":"post_tag","embeddable":true,"href":"https:\/\/centralmedia.rs\/index.php\/wp-json\/wp\/v2\/tags?post=35117"}],"curies":[{"name":"wp","href":"https:\/\/api.w.org\/{rel}","templated":true}]}}