{"id":35125,"date":"2023-05-31T16:32:41","date_gmt":"2023-05-31T14:32:41","guid":{"rendered":"http:\/\/centralmedia.rs\/?p=35125"},"modified":"2023-06-05T14:45:53","modified_gmt":"2023-06-05T12:45:53","slug":"polozeni-venci-na-spomenik-stevanu-sindelicu","status":"publish","type":"post","link":"https:\/\/centralmedia.rs\/index.php\/2023\/05\/31\/polozeni-venci-na-spomenik-stevanu-sindelicu\/","title":{"rendered":"POLO\u017dENI VENCI NA SPOMENIK STEVANU SIN\u0110ELI\u0106U"},"content":{"rendered":"<p>&nbsp;<\/p>\n<p>SVILAJNAC- Povodom obele\u017eavanja 214 godina od Boja na \u010cegru, danas su sve\u010dano polo\u017eeni venci na Spomenik Stevanu Sin\u0111eli\u0107u u Svilajncu u \u010dast najpoznatijem resavskom junaku i njegovim saborcima. Na ovaj dan 1809. godine Stevan Sin\u0111eli\u0107 i njegovi resavski saborci vr\u0161ili su poslednje pripreme pred polazak na \u010cegar, 31. maja.<\/p>\n<div id='gallery-1' class='gallery galleryid-35125 gallery-columns-3 gallery-size-thumbnail'><figure class='gallery-item'>\n\t\t\t<div class='gallery-icon landscape'>\n\t\t\t\t<a href='https:\/\/centralmedia.rs\/index.php\/2023\/05\/31\/polozeni-venci-na-spomenik-stevanu-sindelicu\/sindjelic1\/'><img loading=\"lazy\" decoding=\"async\" width=\"150\" height=\"150\" src=\"https:\/\/centralmedia.rs\/wp-content\/uploads\/2023\/05\/sindjelic1-150x150.jpg\" class=\"attachment-thumbnail size-thumbnail\" alt=\"\" \/><\/a>\n\t\t\t<\/div><\/figure><figure class='gallery-item'>\n\t\t\t<div class='gallery-icon landscape'>\n\t\t\t\t<a href='https:\/\/centralmedia.rs\/index.php\/2023\/05\/31\/polozeni-venci-na-spomenik-stevanu-sindelicu\/sindjelic2\/'><img loading=\"lazy\" decoding=\"async\" width=\"150\" height=\"150\" src=\"https:\/\/centralmedia.rs\/wp-content\/uploads\/2023\/05\/sindjelic2-150x150.jpg\" class=\"attachment-thumbnail size-thumbnail\" alt=\"\" \/><\/a>\n\t\t\t<\/div><\/figure><figure class='gallery-item'>\n\t\t\t<div class='gallery-icon landscape'>\n\t\t\t\t<a href='https:\/\/centralmedia.rs\/index.php\/2023\/05\/31\/polozeni-venci-na-spomenik-stevanu-sindelicu\/sindjelic3\/'><img loading=\"lazy\" decoding=\"async\" width=\"150\" height=\"150\" src=\"https:\/\/centralmedia.rs\/wp-content\/uploads\/2023\/05\/sindjelic3-150x150.jpg\" class=\"attachment-thumbnail size-thumbnail\" alt=\"\" \/><\/a>\n\t\t\t<\/div><\/figure>\n\t\t<\/div>\n\n<p>Vence su polo\u017eili delegacija op\u0161tine Svilajnac, \u010dlanovi \u201eUdru\u017eenja ratnih dobrovoljaca 1912-1918. i njihovih potomaka i po\u0161tovalaca Stevan Sin\u0111eli\u0107 Svilajnac\u201c, \u010dlanovi porodice i\u00a0 \u010dlanovi Udru\u017eenja \u201cKraljevi slobode\u201d.<\/p>\n<p>U\u010denici Srednje \u0161kole Svilajnac u\u010destvovali su prigodnim recitalom, a organizator sve\u010danosti je Centar za kulturu Svilajnac.<\/p>\n","protected":false},"excerpt":{"rendered":"<p>&nbsp; SVILAJNAC- Povodom obele\u017eavanja 214 godina od Boja na \u010cegru, danas su sve\u010dano polo\u017eeni venci na Spomenik Stevanu Sin\u0111eli\u0107u u Svilajncu u \u010dast najpoznatijem resavskom &hellip; <\/p>\n","protected":false},"author":2,"featured_media":35126,"comment_status":"open","ping_status":"open","sticky":false,"template":"","format":"standard","meta":{"footnotes":""},"categories":[14,1524,2,887,12,1517,5785],"tags":[6213,2925,38,6214],"_links":{"self":[{"href":"https:\/\/centralmedia.rs\/index.php\/wp-json\/wp\/v2\/posts\/35125"}],"collection":[{"href":"https:\/\/centralmedia.rs\/index.php\/wp-json\/wp\/v2\/posts"}],"about":[{"href":"https:\/\/centralmedia.rs\/index.php\/wp-json\/wp\/v2\/types\/post"}],"author":[{"embeddable":true,"href":"https:\/\/centralmedia.rs\/index.php\/wp-json\/wp\/v2\/users\/2"}],"replies":[{"embeddable":true,"href":"https:\/\/centralmedia.rs\/index.php\/wp-json\/wp\/v2\/comments?post=35125"}],"version-history":[{"count":1,"href":"https:\/\/centralmedia.rs\/index.php\/wp-json\/wp\/v2\/posts\/35125\/revisions"}],"predecessor-version":[{"id":35130,"href":"https:\/\/centralmedia.rs\/index.php\/wp-json\/wp\/v2\/posts\/35125\/revisions\/35130"}],"wp:featuredmedia":[{"embeddable":true,"href":"https:\/\/centralmedia.rs\/index.php\/wp-json\/wp\/v2\/media\/35126"}],"wp:attachment":[{"href":"https:\/\/centralmedia.rs\/index.php\/wp-json\/wp\/v2\/media?parent=35125"}],"wp:term":[{"taxonomy":"category","embeddable":true,"href":"https:\/\/centralmedia.rs\/index.php\/wp-json\/wp\/v2\/categories?post=35125"},{"taxonomy":"post_tag","embeddable":true,"href":"https:\/\/centralmedia.rs\/index.php\/wp-json\/wp\/v2\/tags?post=35125"}],"curies":[{"name":"wp","href":"https:\/\/api.w.org\/{rel}","templated":true}]}}