{"id":35159,"date":"2023-06-04T10:49:01","date_gmt":"2023-06-04T08:49:01","guid":{"rendered":"http:\/\/centralmedia.rs\/?p=35159"},"modified":"2023-06-07T01:30:42","modified_gmt":"2023-06-06T23:30:42","slug":"proglasena-vanredna-situacija-na-teritoriji-grada-jagodine","status":"publish","type":"post","link":"https:\/\/centralmedia.rs\/index.php\/2023\/06\/04\/proglasena-vanredna-situacija-na-teritoriji-grada-jagodine\/","title":{"rendered":"PROGLA\u0160ENA VANREDNA SITUACIJA NA TERITORIJI GRADA JAGODINE"},"content":{"rendered":"<p>&nbsp;<\/p>\n<p>JAGODINA-\u0160tab za vanredne situacije Grada Jagodine je na dana\u0161njoj sednici doneo odluku o progla\u0161enju vanredne situacije na celoj teritoriji Grada Jagodine, \u0161to podrazumeva gradsko poru\u010dje i sva 52 sela. Ova odluka doneta je jednoglasno nakon sagledavanja situacije usled velikih koli\u010dina padavina i vremenskih nepogoda, koje su u subotu 03. juna pogodile Jagodinu, a kakve se ne pamte u centru Pomoravskog okruga. Ogromne koli\u010dine ki\u0161e i grada po\u010dinile su veliku \u0161tetu poljoprivrednicima u svim selima, kako na poljima p\u0161enice, kukuruza, tako i na vo\u0107u i povr\u0107u, a u pojedinim selima do\u0161lo je i do klizi\u0161ta koje su ugrozile i ku\u0107e. Velika \u0161teta pri\u010dinjena je u gradskom podru\u010dju, posebno u podrumima i ni\u017eim spratovima, kao i na infrastrukturi, a poplavljeni su i Hitna Pomo\u0107 i Urgentni centar Doma zdravlja i Op\u0161te bolnice u Jagodini. U toku je procena \u0161tete, a gra\u0111ani se pozivanju da \u0161tetu prijave Odeljenju za vanredne situacije u Skup\u0161tini grada Jagodine, a \u0161teta za otklon kvarova na vodovodnim\u00a0 instalacijama i kanalizaciji prijavljuje se na broj de\u017eurne slu\u017ebe Javnog komunalnog preduze\u0107a \u201cStandard\u201d 064 8197 652.<\/p>\n","protected":false},"excerpt":{"rendered":"<p>&nbsp; JAGODINA-\u0160tab za vanredne situacije Grada Jagodine je na dana\u0161njoj sednici doneo odluku o progla\u0161enju vanredne situacije na celoj teritoriji Grada Jagodine, \u0161to podrazumeva gradsko &hellip; <\/p>\n","protected":false},"author":2,"featured_media":1529,"comment_status":"open","ping_status":"open","sticky":false,"template":"","format":"standard","meta":{"footnotes":""},"categories":[1524,2,1514,5643,887,16,12],"tags":[58,431],"_links":{"self":[{"href":"https:\/\/centralmedia.rs\/index.php\/wp-json\/wp\/v2\/posts\/35159"}],"collection":[{"href":"https:\/\/centralmedia.rs\/index.php\/wp-json\/wp\/v2\/posts"}],"about":[{"href":"https:\/\/centralmedia.rs\/index.php\/wp-json\/wp\/v2\/types\/post"}],"author":[{"embeddable":true,"href":"https:\/\/centralmedia.rs\/index.php\/wp-json\/wp\/v2\/users\/2"}],"replies":[{"embeddable":true,"href":"https:\/\/centralmedia.rs\/index.php\/wp-json\/wp\/v2\/comments?post=35159"}],"version-history":[{"count":1,"href":"https:\/\/centralmedia.rs\/index.php\/wp-json\/wp\/v2\/posts\/35159\/revisions"}],"predecessor-version":[{"id":35160,"href":"https:\/\/centralmedia.rs\/index.php\/wp-json\/wp\/v2\/posts\/35159\/revisions\/35160"}],"wp:featuredmedia":[{"embeddable":true,"href":"https:\/\/centralmedia.rs\/index.php\/wp-json\/wp\/v2\/media\/1529"}],"wp:attachment":[{"href":"https:\/\/centralmedia.rs\/index.php\/wp-json\/wp\/v2\/media?parent=35159"}],"wp:term":[{"taxonomy":"category","embeddable":true,"href":"https:\/\/centralmedia.rs\/index.php\/wp-json\/wp\/v2\/categories?post=35159"},{"taxonomy":"post_tag","embeddable":true,"href":"https:\/\/centralmedia.rs\/index.php\/wp-json\/wp\/v2\/tags?post=35159"}],"curies":[{"name":"wp","href":"https:\/\/api.w.org\/{rel}","templated":true}]}}