{"id":3518,"date":"2016-06-28T17:55:14","date_gmt":"2016-06-28T17:55:14","guid":{"rendered":"http:\/\/centralmedia.rs\/?p=3518"},"modified":"2017-01-20T01:51:40","modified_gmt":"2017-01-20T01:51:40","slug":"intervju-predsednika-opstine-svilajnac-predraga-milanovica-povoljan-ambijent-za-investicije","status":"publish","type":"post","link":"https:\/\/centralmedia.rs\/index.php\/2016\/06\/28\/intervju-predsednika-opstine-svilajnac-predraga-milanovica-povoljan-ambijent-za-investicije\/","title":{"rendered":"INTERVJU PREDSEDNIKA OP\u0160TINE SVILAJNAC PREDRAGA MILANOVI\u0106A &#8211; POVOLJAN AMBIJENT ZA INVESTICIJE"},"content":{"rendered":"<p>SVILAJNAC-Povodom obele\u017eavanja Dana op\u0161tine Svilajnac 29. juna 2016. godine razgovarali smo sa predsednikom op\u0161tine Svilajnac Predragom Milanovi\u0107em, koji je nakon pro\u0161lih izbora po drugi put izabran na tu funkciju, dok je u vrhu op\u0161tinske vlasti od 2008. godine gde je najpre, u prvom mandatu, bio zamenik predsednika op\u0161tine. Milanovi\u0107 za ka\u017ee da je Svilajnac danas jedan moderan grad, povoljan za strana ulaganja, ali da postaje i sve atraktivnija turisti\u010dka destinacija.<\/p>\n<p><div id='gallery-1' class='gallery galleryid-3518 gallery-columns-2 gallery-size-large'><figure class='gallery-item'>\n\t\t\t<div class='gallery-icon landscape'>\n\t\t\t\t<a href='https:\/\/centralmedia.rs\/index.php\/2016\/06\/28\/intervju-predsednika-opstine-svilajnac-predraga-milanovica-povoljan-ambijent-za-investicije\/milanovic-sa-vucecem-prilikom-pocetka-projekta-rekonstrukcije-skola-i-ambulanti\/'><img loading=\"lazy\" decoding=\"async\" width=\"760\" height=\"495\" src=\"https:\/\/centralmedia.rs\/wp-content\/uploads\/2016\/06\/milanovic-sa-vucecem-prilikom-pocetka-projekta-rekonstrukcije-skola-i-ambulanti.jpg\" class=\"attachment-large size-large\" alt=\"\" srcset=\"https:\/\/centralmedia.rs\/wp-content\/uploads\/2016\/06\/milanovic-sa-vucecem-prilikom-pocetka-projekta-rekonstrukcije-skola-i-ambulanti.jpg 960w, https:\/\/centralmedia.rs\/wp-content\/uploads\/2016\/06\/milanovic-sa-vucecem-prilikom-pocetka-projekta-rekonstrukcije-skola-i-ambulanti-300x195.jpg 300w, https:\/\/centralmedia.rs\/wp-content\/uploads\/2016\/06\/milanovic-sa-vucecem-prilikom-pocetka-projekta-rekonstrukcije-skola-i-ambulanti-768x500.jpg 768w\" sizes=\"(max-width: 760px) 100vw, 760px\" \/><\/a>\n\t\t\t<\/div><\/figure><figure class='gallery-item'>\n\t\t\t<div class='gallery-icon landscape'>\n\t\t\t\t<a href='https:\/\/centralmedia.rs\/index.php\/2016\/06\/28\/intervju-predsednika-opstine-svilajnac-predraga-milanovica-povoljan-ambijent-za-investicije\/diplomatkinja-iz-ambasade-svajcarske\/'><img loading=\"lazy\" decoding=\"async\" width=\"760\" height=\"570\" src=\"https:\/\/centralmedia.rs\/wp-content\/uploads\/2016\/06\/diplomatkinja-iz-ambasade-svajcarske.jpg\" class=\"attachment-large size-large\" alt=\"\" srcset=\"https:\/\/centralmedia.rs\/wp-content\/uploads\/2016\/06\/diplomatkinja-iz-ambasade-svajcarske.jpg 960w, https:\/\/centralmedia.rs\/wp-content\/uploads\/2016\/06\/diplomatkinja-iz-ambasade-svajcarske-300x225.jpg 300w, https:\/\/centralmedia.rs\/wp-content\/uploads\/2016\/06\/diplomatkinja-iz-ambasade-svajcarske-768x576.jpg 768w, https:\/\/centralmedia.rs\/wp-content\/uploads\/2016\/06\/diplomatkinja-iz-ambasade-svajcarske-80x60.jpg 80w, https:\/\/centralmedia.rs\/wp-content\/uploads\/2016\/06\/diplomatkinja-iz-ambasade-svajcarske-265x198.jpg 265w\" sizes=\"(max-width: 760px) 100vw, 760px\" \/><\/a>\n\t\t\t<\/div><\/figure>\n\t\t<\/div>\n<br \/>\n-Svilajnac je op\u0161tina koja je, uprkos te\u0161kim uslovima i sveop\u0161tem stanju u proteklih nekoliko godina, uspela da uspostavi kontinuirani razvoj, privredni rast i pobolj\u0161anje uslova i kvalitet \u017eivota svojih gra\u0111ana. To je zahtevan posao, koji tra\u017ei apsolutnu posve\u0107enost, koji se radi svakoga dana, ali kada imate jasnu viziju i ideju \u0161ta \u017eelite za svoje gra\u0111ane i svoje okru\u017eenje, onda su i rezultati pozitivni i vidljivi. Investicije u privredu Svilajnca za poslednje \u010detiri godine iznose oko 10 miliona evra i danas imate nekoliko stranih kompanija koje usp\u0161eno posluju u Svilajncu, kao i nekolicinu doma\u0107ih koje su se, zahvaljuju\u0107i stvorenim infrastrukturnim i administrativnim uslovima, razvile u velike i ozbiljne izvoznike. Svakako je najzna\u010dajnija kompanija japanski \u201ePanasonic\u201c, koji zapo\u0161ljava 405 radnika, a broj radnika pove\u0107ava svake godine kako pro\u0161iruje svoju proizvodnju. Panasonic u Svilajncu posluje u re\u017eimu Slobodne zone, vlasnik je proizvodne hale i ima dugoro\u010dne poslovne planove u Svilajncu. Nije lako dovesti i zadr\u017eati jednu svetsku kompaniju ni u Srbiji, a kamoli u Svilajncu, ali danas je kod nas to rezultat jednog kontinuiranog vi\u0161egodi\u0161njeg rada na stvaranju povoljnog ambijenta za strana ulaganja i na stvaranju infrastruktunih i administrativnih uslova. Zato smo danas jedna od atraktivnijih lokacija za strana ulaganja i vodimo konstantne pregovore sa potencijalnim investitorima, zapo\u010dinje razgovor Milanovi\u0107.<br \/>\nPoslednja u nizu stranih investicija je \u0161vajcarska kompanija \u201ePM Tehnik\u201c, koja je ulo\u017eila oko 2 miliona evra u pokretanje proizvodnje u Svilajncu, a zaposli\u0107e i 50 radnika.<\/p>\n<p><div id='gallery-2' class='gallery galleryid-3518 gallery-columns-2 gallery-size-large'><figure class='gallery-item'>\n\t\t\t<div class='gallery-icon landscape'>\n\t\t\t\t<a href='https:\/\/centralmedia.rs\/index.php\/2016\/06\/28\/intervju-predsednika-opstine-svilajnac-predraga-milanovica-povoljan-ambijent-za-investicije\/delegacija-japana-u-poseti\/'><img loading=\"lazy\" decoding=\"async\" width=\"760\" height=\"485\" src=\"https:\/\/centralmedia.rs\/wp-content\/uploads\/2016\/06\/Delegacija-Japana-u-poseti.jpg\" class=\"attachment-large size-large\" alt=\"\" srcset=\"https:\/\/centralmedia.rs\/wp-content\/uploads\/2016\/06\/Delegacija-Japana-u-poseti.jpg 941w, https:\/\/centralmedia.rs\/wp-content\/uploads\/2016\/06\/Delegacija-Japana-u-poseti-300x191.jpg 300w, https:\/\/centralmedia.rs\/wp-content\/uploads\/2016\/06\/Delegacija-Japana-u-poseti-768x490.jpg 768w\" sizes=\"(max-width: 760px) 100vw, 760px\" \/><\/a>\n\t\t\t<\/div><\/figure><figure class='gallery-item'>\n\t\t\t<div class='gallery-icon landscape'>\n\t\t\t\t<a href='https:\/\/centralmedia.rs\/index.php\/2016\/06\/28\/intervju-predsednika-opstine-svilajnac-predraga-milanovica-povoljan-ambijent-za-investicije\/panasonic-za-slanje\/'><img loading=\"lazy\" decoding=\"async\" width=\"760\" height=\"505\" src=\"https:\/\/centralmedia.rs\/wp-content\/uploads\/2016\/06\/Panasonic-za-slanje-1024x681.jpg\" class=\"attachment-large size-large\" alt=\"\" srcset=\"https:\/\/centralmedia.rs\/wp-content\/uploads\/2016\/06\/Panasonic-za-slanje-1024x681.jpg 1024w, https:\/\/centralmedia.rs\/wp-content\/uploads\/2016\/06\/Panasonic-za-slanje-300x200.jpg 300w, https:\/\/centralmedia.rs\/wp-content\/uploads\/2016\/06\/Panasonic-za-slanje-768x511.jpg 768w, https:\/\/centralmedia.rs\/wp-content\/uploads\/2016\/06\/Panasonic-za-slanje.jpg 1200w\" sizes=\"(max-width: 760px) 100vw, 760px\" \/><\/a>\n\t\t\t<\/div><\/figure>\n\t\t<\/div>\n<br \/>\n-Op\u0161tina Svilajnac stvorila sve potrebne infrastrukturne uslove za ovog, ali i za sve budu\u0107e investitore. Oni su nedavno doneli sve ma\u0161ine i po\u010deli probni rad, a proizvode delove za najsavremeniju \u017eeleznicu. Poznato je da su \u0160vajcarci dobri investitori i mi smo sre\u0107ni da imamo jo\u0161 jednog, jer ve\u0107 imamo u Svilajncu \u0161vajcarskog proizvo\u0111a\u010da korni\u0161ona koji godi\u0161nje proizvede pet miliona tegli krastavaca. Cilj nam je da privu\u010demo investicije iz srednjeg i malog biznisa, jer ho\u0107emo da imamo deset fabrika sa po 50 zaposlenih umesto jednu od 500. U ovoj fabrici radi\u0107e stru\u010dna radna snaga i za to \u0107e biti dobro pla\u0107ena. Drago nam je da su \u0160vajcarci izabrali Svilajnac, \u0161to govori da smo dobro radili i da imamo kadar koji je njima potreban. Pratimo potrebe tr\u017ei\u0161ta i u skladu sa tim se i pona\u0161amo, dodaje Milanovi\u0107.<br \/>\nOp\u0161tina Svilajnac uspe\u0161no je re\u0161ila i problem neuspelih privatizacija, pa je tako kupila pogon biv\u0161e fabrike BEKO u Svilajncu, i ubrzo zatim na\u0161la novog investitora, beogradsku kompaniju \u201eUnion drvo\u201c.<br \/>\n-Ova kompanija zapo\u0161ljava 50 ljudi, razvili su i opremili u Svilajncu jedan moderan stolarsko-tapetarski pogon i zadovoljni su poslovanjem i poslodavci i radnici. Sve navedeno govori o tome da je privreda Svilajnca danas stabilna. Za manje od deset godina Svilajnac je od op\u0161tine sa propalom i uni\u0161tenom privredom postao mesto atraktivno za strana i doma\u0107a ulaganja, mesto sa suficitom spoljno-trgovinske razmene od oko 30 miliona dolara u pro\u0161loj godini. Trenutno nemamo ni jednu firmu koja stagnira, sve napreduju, \u0161to nam daje ohrabrenje da \u0107e u narednom periodu biti samo bolje. Mislim da je model privatizacije koji smo mi zapo\u010deli, a to je da op\u0161tina kupuje fabrike u ste\u010daju i tra\u017ee investitore, polako po\u010deo da \u017eivi i u Srbiji, obja\u0161njava Milanovi\u0107.<br \/>\nOn dodaje da je op\u0161tina Svilajnac napravila upravu koja mo\u017ee da radi veliki broj kvalitetnih projekata, koja mo\u017ee da privu\u010de strane investitore, da obezbedi novac iz evropskih fondova, iz kojih se u Svilajnac slilo oko \u010detiri miliona evra kroz razne projekte. Milanovi\u0107 smatra da Svilajnac nije dovoljno iskoristio turisti\u010dke potencijale te da je \u0161ansa u tome da se napravi jedna regionalna tura Pomoravlja.<\/p>\n<p><div id='gallery-3' class='gallery galleryid-3518 gallery-columns-2 gallery-size-large'><figure class='gallery-item'>\n\t\t\t<div class='gallery-icon landscape'>\n\t\t\t\t<a href='https:\/\/centralmedia.rs\/index.php\/2016\/06\/28\/intervju-predsednika-opstine-svilajnac-predraga-milanovica-povoljan-ambijent-za-investicije\/svedoci-ledenog-doba\/'><img loading=\"lazy\" decoding=\"async\" width=\"760\" height=\"507\" src=\"https:\/\/centralmedia.rs\/wp-content\/uploads\/2016\/06\/Svedoci-ledenog-doba.jpg\" class=\"attachment-large size-large\" alt=\"\" srcset=\"https:\/\/centralmedia.rs\/wp-content\/uploads\/2016\/06\/Svedoci-ledenog-doba.jpg 900w, https:\/\/centralmedia.rs\/wp-content\/uploads\/2016\/06\/Svedoci-ledenog-doba-300x200.jpg 300w, https:\/\/centralmedia.rs\/wp-content\/uploads\/2016\/06\/Svedoci-ledenog-doba-768x512.jpg 768w\" sizes=\"(max-width: 760px) 100vw, 760px\" \/><\/a>\n\t\t\t<\/div><\/figure><figure class='gallery-item'>\n\t\t\t<div class='gallery-icon landscape'>\n\t\t\t\t<a href='https:\/\/centralmedia.rs\/index.php\/2016\/06\/28\/intervju-predsednika-opstine-svilajnac-predraga-milanovica-povoljan-ambijent-za-investicije\/svet-dinosaurusa\/'><img loading=\"lazy\" decoding=\"async\" width=\"760\" height=\"379\" src=\"https:\/\/centralmedia.rs\/wp-content\/uploads\/2016\/06\/Svet-dinosaurusa-1024x511.jpg\" class=\"attachment-large size-large\" alt=\"\" srcset=\"https:\/\/centralmedia.rs\/wp-content\/uploads\/2016\/06\/Svet-dinosaurusa-1024x511.jpg 1024w, https:\/\/centralmedia.rs\/wp-content\/uploads\/2016\/06\/Svet-dinosaurusa-300x150.jpg 300w, https:\/\/centralmedia.rs\/wp-content\/uploads\/2016\/06\/Svet-dinosaurusa-768x383.jpg 768w, https:\/\/centralmedia.rs\/wp-content\/uploads\/2016\/06\/Svet-dinosaurusa.jpg 1203w\" sizes=\"(max-width: 760px) 100vw, 760px\" \/><\/a>\n\t\t\t<\/div><\/figure>\n\t\t<\/div>\n<br \/>\n-Spremni smo da radimo na projektu brendiranja pomoravske ture kao jedne od najboljih u Srbiji, jer pojedina\u010dno ni jedna od ovih op\u0161tina to ne mo\u017ee da uradi. Tako\u0111e, o\u010dekuje nas privla\u010denje novih investitora jer imamo dve industrijske zone koje smo kompletno infrastrukturno opremili. Bez jo\u0161 oko 700 novih radnih mesta ne mo\u017eemo da do\u0111emo do na\u0161eg cilja da budemo razvijena op\u0161tina. Tra\u017eimo i investitore u oblasti poljoprivrede. Na\u0161li smo investitora za klanicu, koji \u0107e je rekonstruisati, opremiti i staviti u funkciju. Ovo je veoma bitno za na\u0161e sto\u010dare, jer \u0107e imati kome da prodaju stoku, ali je va\u017eno i za u\u010denike svilajna\u010dke Poljoprivredno-vetrinarske \u0161kole na smeru za mesare, jer \u0107e imati gde da obavljaju praksu, nau\u010de zanat i zaposle se posle zavr\u0161enog \u0161kolovanja. Ukoliko se nastavi ovakav investicioni ciklus smatram da u naredne \u010detiri godine Svilajnac mo\u017ee da zavr\u0161i posao koji nije dosad, a ono \u0161to je ostalo je da se uradi rekonstrukcija Doma zdravlja Svilajnac i O\u0160 Jovan Jovanovi\u0107 Zmaj Svilajnac koja ima vi\u0161e od 1.300 u\u010denika, kao i zavr\u0161etak regulacije Resave, isti\u010de Milanovi\u0107.<br \/>\nSvilajnac je op\u0161tina u kojoj se dosta radilo na infrastrukturi, svi javni objekti su rekonstruisani i to posle vi\u0161e decenija, posledice poplave iz 2014. godine su sanirane, ulagalo se i u infrastrukturu u selima, u skoro svim selima napravljena vodovodna mre\u017ea i pokrenut je veliki projekat izgradnje kanalizacione mre\u017ee za seoske mesne zajednice, a pro\u0161le godine sproveden je i veliki projekat rekonstrukcije \u0161kola.<br \/>\n-U poslednje \u010detiri godine u infrastrukturu op\u0161tine Svilajnac investirano jeoko 3 milijarde dinara, \u0161to je pet puta vi\u0161e nego u periodu od pre deset i vi\u0161e godina. U Svilajncu je kompletno rekonstruisano \u0161est \u0161kola, modernizovani su i obnovljeni Centar za kulturu, Resavska biblioteka, sre\u0111ena je zgrada op\u0161tine Svilajnac, asfaltirano je vi\u0161e destina kilometara ulica, kako u gradu tako i u selima, na kojima su ura\u0111ene i nove vodovodne i kanalizacije cevi, trotoari, biciklisti\u010dke staze, zatim ure\u0111eni su parkovi, igrali\u0161ta, rekonstruisana je sportska hala, ure\u0111ena gradska pijaca koja je po prvi put i pokrivena, Svilajanc danas ima potpuno novi vrti\u0107 nakon poplave, izgra\u0111ena su dva nova mosta, rekonstruisano ih je tri u gradu, obe industrijske zone su infrastrukturno opremljene, rekonstruisano je odeljenje fizijatrije Doma zdravlja Svilajnac, kao i dve seoske ambulante i ura\u0111eno je jo\u0161 mnogo projekata. Sve ovo govori u prilog tome da gra\u0111ani Svilajnca danas \u017eive u lep\u0161em i ure\u0111enijem gradu. Napisali smo veliki broj projekata, vredno radili i uspeli smo da za navedene projekte obezbedimo sredstva, neka iz Kancelarije Vlade RS za upravljanje javnim ulaganjima, a najvi\u0161e sredstava smo obezbedili iz fondova Evropske unije, ne\u0161to smo uradili i iz sopstvenih sredstava, ali se radilo u kontinuitetu i planski, pa su i rezultati tu, a \u0161to je najva\u017enije za na\u0161e gra\u0111ane, sigurno ne\u0107e biti potrebe za ve\u0107im ulaganjima u ove objekte u narednih nekoliko decenija. Sve ovo je va\u017eno i za investitore, i one koji ve\u0107 posluju u Svilajncu i one budu\u0107e, jer im je na ovaj na\u010din stvoren jedan moderan ambijent, sadr\u017eajan i po evropskim standardima. Imamo dobru komunikaciju i saradnju i sa Vladom Republike Srbije i javnim preduze\u0107ima, jer smo uvek spremni za nove projekte, znamo koji su na\u0161i prioriteti i brzo ih realizujemo. Moram i da istaknem veliku pomo\u0107, koja je stizala sa raznih strana, nakon katastrofalne poplave koja je pogodila Svilajnac u maju 2014. godine. Vrti\u0107 \u201eDe\u010dja radost\u201c iz Svilajnca je najvi\u0161e stradao u poplavi, jer je potpuno uni\u0161ten, kako sam objekat, tako i sav inventar. Za njegovu sanaciju trebalo je najvi\u0161e vremena i sredstava, ali zahvaljuju\u0107i velikoj pomo\u0107i Fondacije Novak \u0110okovi\u0107,Fonda B92, Evropske Unije koja je najve\u0107i donator, Turske agencije TIKA, i brojnih drugih donatora, kompanija i pojedinaca, kao i anga\u017eovanju op\u0161tinskog rukovodstva, vrti\u0107 je kompletno saniran u najkra\u0107em mogu\u0107em roku i danas radi punim kapacitetom.Ogromnu pomo\u0107 nam je pru\u017eila i Vlada Republike Srbije i Kancelarija za upravljanje javnim ulaganjima, jer smo zahvaljuju\u0107i tome rekonstruisali veliki broj javnih objekata, \u0161kola, ambulanti, mostova i zahvaljujem se na saradnji i nesebi\u010dnoj pomo\u0107i direktoru te kancelarije Marku Blagojevi\u0107u, koji \u0107e dobiti, u znak zahvalnosti, i plaketu op\u0161tine Svilajnac povodom Dana op\u0161tine, isti\u010de on.<br \/>\nSvakako da je Panasonic doprineo dobrim, prijateljskim odnosima izme\u0111u Japana i op\u0161tine Svilajnac, pa su predstavnici japanske ambasade i vlade u nekoliko navrata u proteklih godinu dana posetili op\u0161tinu Svilajnac i uru\u010dili brojne donacije.<br \/>\n-Japanska vlada donirala je Svilajncu kombinovano vozilo za komunalne potrebe, rendgen, ultrazvuk i medicinsku opremu, a preko Ujedninjenih nacija donirali su sredstva za izgradnju vodovodne mre\u017ee u selima i pomogli sanaciju izvori\u0161ta vode koje je o\u0161te\u0107eno u pro\u0161logodi\u0161njim poplavama. Negujemo prijateljstvo sa Japanom i o\u010dekujemo da i u budu\u0107nosti realizujemo brojne projekte uz njihovu pomo\u0107. Osim toga, i grad Be\u010d je prijatelj Svilajnca, donirao je vatrogasno i dva komunalna vozila, nakon poplava brojni evropski gradovi, svetske institucije, doma\u0107e i strane kompanije i firme su pomogle Svilajncu, tako da mo\u017eemo da se pohvalimo da imamo prijatelje \u0161irom sveta i radimo konstantno na tome da ta prijateljstva i dobre odnose negujemo i da stvaramo nove. To je veoma va\u017ean \u010dinilac uspeha\u201c, istakao je Milanovi\u0107.<br \/>\nSvilajnac je, tako\u0111e, prepoznat i kao regionalni kulturni centar, s obzirom da je u proteklom periodu bio doma\u0107in velikih kulturnih de\u0161avanja, a i pojavio se kao producent i organizator nekoliko zna\u010dajnih kulturnih doga\u0111aja.<br \/>\n-Rekonstrukcijom Centra za kulturu, multimedijalnim opremanjem na\u0161e sale i ulaganjem u savremenu opremu stvorili smo sve preduslove da razvijamo kulturni \u017eivot Svilajnca, i to na taj na\u010din \u0161to \u0107emo kulturu i stvarati, a ne samo reprodukovati. Na nedavno odr\u017eanoj tradicionalnoj kulturnoj manifestaciji \u201eSin\u0111eli\u0107evi dani\u201c u Svilajncu, publika je imala prilike da u\u017eiva u svim oblicima kulturnog stvarala\u0161tva, a velika imena na\u0161e kulturne scene i ustanove kulture bili su izvo\u0111a\u010di. Neki od njih su vojni orkestar \u201eStanislav Bini\u010dki\u201c, Konstantin Kostjukov sa solistima Baleta Narodnog pozori\u0161ta, Beogradsko dramsko pozori\u0161te, Vasil Had\u017eimanov, Sergej Trifunovi\u0107 i Voja Brajovi\u0107 sa trenutno popularno predstavom \u201eVoz\u201c, Goran Sultanovi\u0107 sa svojim kabareom i mnogi drugi umetnici. Jedan od najve\u0107ih kulturnih doga\u0111aja u celoj zemlji pro\u0161le godine je bilo izvo\u0111enje predstave \u201eJulije Cezar\u201c Kokana Mladenovi\u0107a, koja je svoju premijeru imala ba\u0161 u Svilajncu. Centar za kulturu Svilajnac pojavljuje se kao koproducent ove predstave, \u010dime smo pokazali da veliki kulturni doga\u0111aji ne moraju biti privilegija samo velikih gradova. Tu su i brojni koncerti, predstave koje su svoje predpremijerno ili premijerno izvo\u0111enje imale ba\u0161 u Svilajncu, izlo\u017ebe, knji\u017eevne ve\u010deri i sli\u010dno, koje zadovoljavaju sve potrebe publike. Dobra scena, va\u017eni kulturni doga\u0111aji i edukovana publika su klju\u010d za uspe\u0161an kulturni \u017eivot u jednom manjem gradu, objasnio je Milanovi\u0107.<br \/>\nSvakako da Svilajnac u poslednjih godinu dana sve vi\u0161e postaje prepoznatljiv kao atraktivna turisti\u010dka destinacija, naro\u010dito za ekskurzije, zbog otvorenog Prirodnja\u010dkog centra Srbije, kao jedinstvenog nau\u010dno-obrazovnog objekta na Balkanu.<br \/>\n-Prirodnja\u010dki centar Srbije je potencijal koji smo iskoristili za promociju nau\u010dnog turizma, za popularizaciju prirodnih nauka, ali i za promociju na\u0161eg grada koji pre svega ima povoljan geografski polo\u017eaj, na samo je 6km od auto-puta E75, u samom srcu Srbije i do nas se lako i brzo dolazi iz bilo kog dela Srbije da kre\u0107ete. Prirodnja\u010dki centar je imao oko 80.000 posetilaca do sada. To je pokazatelj da nauka i nau\u010dni sadr\u017eaji imaju svoju publiku i mogu da budu atraktivni ako se prika\u017eu na moderan i zanimljiv na\u010din kao \u0161to je kod nas to slu\u010daj.Projekat Prirodnja\u010dkog centra Srbije ima podr\u0161ku stru\u010dne javnosti i relevantnih nua\u010dnih institucija, pa su nam tako partneri od po\u010detka Prirodnja\u010dki muzej Beograd i Rudarsko-geolo\u0161ki fakultet Univerziteta u Beogradu. U\u010destvovali su u stvranju izlo\u017ebi i u saradnji sa njima organizovali smo brojne uspe\u0161ne me\u0111unarodne nau\u010dne skupove, seminare, a Prirodnja\u010dki muzej je pro\u0161le zime imao i jednu vrlo pose\u0107enu gostuju\u0107u izlo\u017ebu \u201eSvet riba\u201c i ovim putem \u017eelim da im se zahvalim na podr\u0161ci i saradnji. Od po\u010detka ove godine svakako je najvi\u0161e ekskurzija bilo za decu \u0161kolskog uzrasta, jer je njima ovo najbolji i najlep\u0161i na\u010din da se upoznaju sa slo\u017eenim svetom nauke, u koji ih uvodimo pa\u017eljivo biranim i kreiranim izlo\u017ebama i programima vodi\u010da prilago\u0111enim svakom uzrastu. Dosta pa\u017enje posve\u0107eno je koncipiranju samih izlo\u017ebi, njihovom dizajnu i prilago\u0111avanju \u0161iroj populaciji. Ovo je svakako savr\u0161ena prilika i za roditelje sa decom za izlete, jer \u0107e sigurno puno toga nau\u010diti i poneti najpozitivnije utiske. Spremni smo i za letnju sezonu, a ove godine \u0107emo pripremiti i brojna iznena\u0111enja. Tako\u0111e, svi posetioci uz kupljenu kartu za Prirodnja\u010dki centar Srbije ovog leta mogu besplatno da u\u017eivaju i na gradskim bazenima. Cilj je da svi koji do\u0111u \u0161to kvalitetnije iskoriste vreme provedeno u Svilajncu, da ljudi koji dolaze iz svih krajeva mogu kod nas i da se osve\u017ee, opuste i da po\u017eele da se u Svilajnac vrate i neke naredne sezone &#8211; istakao je Milanovi\u0107 i dodao da je prednost Prirodnja\u010dkog centra to \u0161to svojim atraktivnim izlo\u017ebama, \u010diji su sadr\u017eaji predstavljeni na moderan na\u010din i organizovanjem niza nau\u010dnih skupova, radionica, festivala, \u0161kolskih \u010dasova i takmi\u010denja, nauku \u010dini zanimljivom i lakom za razumevanje, a nauka se populari\u0161e kroz sve aktivnosti, \u010dime se doprinosi i razvoju nau\u010dnog turizma.<br \/>\nKako bi Svilajnac ostao na putu razvoja i prosperiteta potrebno je nastaviti u istom ritmu i u narednom periodu. Koji su planovi i projekti za naredni period?<br \/>\n-Jedan od najbitnijih projekata za ovu i za naredne godine jeste preventiva od novih poplava. Stvorili smo preduslove i o\u010dekujemo regulaciju Resave u narednom periodu. Nastavljamo sa privla\u010denjem doma\u0107ih i stranih investitora, odr\u017eavamo postoje\u0107e i stvaramo nove kontakte, a nastavljamo i sa infrastrukturnim projektima koje smo ve\u0107 spremili. Rekonsruisa\u0107emo poslednji pe\u0161a\u010dki most na Resavikod autobuske stanice, nastavi\u0107emo sa rekostrukcijom Doma zdravlja Svilajnac, gde \u0107emo srediti i stacionar,i zavr\u0161iti novu idustrijsku zonu koja \u0107e ujedno biti i slobodna zona, a nastavljamo i sa izgradnjomi \u0161irenjem mre\u017ee za vodosnabdjevane. U Prirodnja\u010dkom centru Srbije, za koji imamo velike planove, nas o\u010dekuju nove izlo\u017ebe, brojni sadr\u017eaji i do kraja sezone da prema\u0161imo broj od 100.000 posetilaca.<\/p>\n<p>&nbsp;<\/p>\n<p><strong><em>Svilajna\u010dka razglednica \u2013 Projekat se realizuje uz pomo\u0107 sredstava iz bud\u017eeta Op\u0161tine Svilajnac.<\/em><\/strong><\/p>\n","protected":false},"excerpt":{"rendered":"<p>SVILAJNAC-Povodom obele\u017eavanja Dana op\u0161tine Svilajnac 29. juna 2016. godine razgovarali smo sa predsednikom op\u0161tine Svilajnac Predragom Milanovi\u0107em, koji je nakon pro\u0161lih izbora po drugi put &hellip; <\/p>\n","protected":false},"author":4,"featured_media":3519,"comment_status":"open","ping_status":"open","sticky":false,"template":"","format":"standard","meta":{"footnotes":""},"categories":[14,1524,2,887,12,1517],"tags":[916,39,38],"_links":{"self":[{"href":"https:\/\/centralmedia.rs\/index.php\/wp-json\/wp\/v2\/posts\/3518"}],"collection":[{"href":"https:\/\/centralmedia.rs\/index.php\/wp-json\/wp\/v2\/posts"}],"about":[{"href":"https:\/\/centralmedia.rs\/index.php\/wp-json\/wp\/v2\/types\/post"}],"author":[{"embeddable":true,"href":"https:\/\/centralmedia.rs\/index.php\/wp-json\/wp\/v2\/users\/4"}],"replies":[{"embeddable":true,"href":"https:\/\/centralmedia.rs\/index.php\/wp-json\/wp\/v2\/comments?post=3518"}],"version-history":[{"count":0,"href":"https:\/\/centralmedia.rs\/index.php\/wp-json\/wp\/v2\/posts\/3518\/revisions"}],"wp:featuredmedia":[{"embeddable":true,"href":"https:\/\/centralmedia.rs\/index.php\/wp-json\/wp\/v2\/media\/3519"}],"wp:attachment":[{"href":"https:\/\/centralmedia.rs\/index.php\/wp-json\/wp\/v2\/media?parent=3518"}],"wp:term":[{"taxonomy":"category","embeddable":true,"href":"https:\/\/centralmedia.rs\/index.php\/wp-json\/wp\/v2\/categories?post=3518"},{"taxonomy":"post_tag","embeddable":true,"href":"https:\/\/centralmedia.rs\/index.php\/wp-json\/wp\/v2\/tags?post=3518"}],"curies":[{"name":"wp","href":"https:\/\/api.w.org\/{rel}","templated":true}]}}