{"id":35182,"date":"2023-06-05T16:14:16","date_gmt":"2023-06-05T14:14:16","guid":{"rendered":"http:\/\/centralmedia.rs\/?p=35182"},"modified":"2023-06-07T01:31:33","modified_gmt":"2023-06-06T23:31:33","slug":"vodovod-u-svim-svilajnackim-selima","status":"publish","type":"post","link":"https:\/\/centralmedia.rs\/index.php\/2023\/06\/05\/vodovod-u-svim-svilajnackim-selima\/","title":{"rendered":"VODOVOD U SVIM SVILAJNA\u010cKIM SELIMA"},"content":{"rendered":"<p>&nbsp;<\/p>\n<p>SVILAJNAC-Predsednik op\u0161tine Svilajnac Predrag Milanovi\u0107 obi\u0161ao je danas radove na nastavku izgradnje vodovodne mre\u017ee u Pro\u0161tincu.<\/p>\n<div id='gallery-1' class='gallery galleryid-35182 gallery-columns-3 gallery-size-thumbnail'><figure class='gallery-item'>\n\t\t\t<div class='gallery-icon landscape'>\n\t\t\t\t<a href='https:\/\/centralmedia.rs\/index.php\/2023\/06\/05\/vodovod-u-svim-svilajnackim-selima\/vodovod-sela1\/'><img loading=\"lazy\" decoding=\"async\" width=\"150\" height=\"150\" src=\"https:\/\/centralmedia.rs\/wp-content\/uploads\/2023\/06\/vodovod-sela1-150x150.jpg\" class=\"attachment-thumbnail size-thumbnail\" alt=\"\" \/><\/a>\n\t\t\t<\/div><\/figure><figure class='gallery-item'>\n\t\t\t<div class='gallery-icon landscape'>\n\t\t\t\t<a href='https:\/\/centralmedia.rs\/index.php\/2023\/06\/05\/vodovod-u-svim-svilajnackim-selima\/vodovod-sela2\/'><img loading=\"lazy\" decoding=\"async\" width=\"150\" height=\"150\" src=\"https:\/\/centralmedia.rs\/wp-content\/uploads\/2023\/06\/vodovod-sela2-150x150.jpg\" class=\"attachment-thumbnail size-thumbnail\" alt=\"\" \/><\/a>\n\t\t\t<\/div><\/figure><figure class='gallery-item'>\n\t\t\t<div class='gallery-icon landscape'>\n\t\t\t\t<a href='https:\/\/centralmedia.rs\/index.php\/2023\/06\/05\/vodovod-u-svim-svilajnackim-selima\/vodovod-sela\/'><img loading=\"lazy\" decoding=\"async\" width=\"150\" height=\"150\" src=\"https:\/\/centralmedia.rs\/wp-content\/uploads\/2023\/06\/vodovod-sela-150x150.jpg\" class=\"attachment-thumbnail size-thumbnail\" alt=\"\" \/><\/a>\n\t\t\t<\/div><\/figure>\n\t\t<\/div>\n\n<p>Trenutno se u Pro\u0161tincu radi oko 3 kilometra vodovodne mre\u017ee, vrednost radova je 18 miliona dinara.<\/p>\n<p>\u201ePre 15 godina samo Svilajnac i tri sela imali su vodovodnu mre\u017eu, a danas zavr\u0161avamo vodosnabdevanje u svim selima na teoritoriji na\u0161e op\u0161tine. Dali smo mogu\u0107nost da svako doma\u0107instvo, svaki stanovnik i svako dete ima pristup ispravnoj pija\u0107oj vodi\u201c \u2013 izjavio je Milanovi\u0107 i dodao da je rok za zavr\u0161etak radova 1. avgust ove godine.<\/p>\n<p>Prema Milanovi\u0107evim procenama do sada je u seoske vodovode ulo\u017eeno preko 10 miliona evra. Cena priklju\u010dka je 400 evra, dok su ulaganja op\u0161tine po priklju\u010dku 100, 200 puta ve\u0107a, u Pro\u0161tincu oko 15 hiljada evra po priklju\u010dku ukoliko se sva doma\u0107instva priklju\u010de, dok \u0107e, recimo, u Bobovu ta cena biti 20 hiljada evra.<\/p>\n","protected":false},"excerpt":{"rendered":"<p>&nbsp; SVILAJNAC-Predsednik op\u0161tine Svilajnac Predrag Milanovi\u0107 obi\u0161ao je danas radove na nastavku izgradnje vodovodne mre\u017ee u Pro\u0161tincu. Trenutno se u Pro\u0161tincu radi oko 3 kilometra &hellip; <\/p>\n","protected":false},"author":2,"featured_media":35184,"comment_status":"open","ping_status":"open","sticky":false,"template":"","format":"standard","meta":{"footnotes":""},"categories":[1524,2,887,16,12,5785,1517],"tags":[909,38,1122],"_links":{"self":[{"href":"https:\/\/centralmedia.rs\/index.php\/wp-json\/wp\/v2\/posts\/35182"}],"collection":[{"href":"https:\/\/centralmedia.rs\/index.php\/wp-json\/wp\/v2\/posts"}],"about":[{"href":"https:\/\/centralmedia.rs\/index.php\/wp-json\/wp\/v2\/types\/post"}],"author":[{"embeddable":true,"href":"https:\/\/centralmedia.rs\/index.php\/wp-json\/wp\/v2\/users\/2"}],"replies":[{"embeddable":true,"href":"https:\/\/centralmedia.rs\/index.php\/wp-json\/wp\/v2\/comments?post=35182"}],"version-history":[{"count":3,"href":"https:\/\/centralmedia.rs\/index.php\/wp-json\/wp\/v2\/posts\/35182\/revisions"}],"predecessor-version":[{"id":35188,"href":"https:\/\/centralmedia.rs\/index.php\/wp-json\/wp\/v2\/posts\/35182\/revisions\/35188"}],"wp:featuredmedia":[{"embeddable":true,"href":"https:\/\/centralmedia.rs\/index.php\/wp-json\/wp\/v2\/media\/35184"}],"wp:attachment":[{"href":"https:\/\/centralmedia.rs\/index.php\/wp-json\/wp\/v2\/media?parent=35182"}],"wp:term":[{"taxonomy":"category","embeddable":true,"href":"https:\/\/centralmedia.rs\/index.php\/wp-json\/wp\/v2\/categories?post=35182"},{"taxonomy":"post_tag","embeddable":true,"href":"https:\/\/centralmedia.rs\/index.php\/wp-json\/wp\/v2\/tags?post=35182"}],"curies":[{"name":"wp","href":"https:\/\/api.w.org\/{rel}","templated":true}]}}