{"id":35218,"date":"2023-06-11T14:04:21","date_gmt":"2023-06-11T12:04:21","guid":{"rendered":"http:\/\/centralmedia.rs\/?p=35218"},"modified":"2023-06-14T16:03:22","modified_gmt":"2023-06-14T14:03:22","slug":"22-godine-od-ubistva-novinara-milana-pantica-matic-ubistvo-pantica-inspirisano-iz-vrha-dos","status":"publish","type":"post","link":"https:\/\/centralmedia.rs\/index.php\/2023\/06\/11\/22-godine-od-ubistva-novinara-milana-pantica-matic-ubistvo-pantica-inspirisano-iz-vrha-dos\/","title":{"rendered":"22. GODINE OD UBISTVA NOVINARA MILANA PANTI\u0106A &#8211; MATI\u0106: UBISTVO PANTI\u0106A INSPIRISANO IZ VRHA DOS"},"content":{"rendered":"<p>&nbsp;<\/p>\n<p>JAGODINA- Predsednik Komisije za istra\u017eivanje ubistva novinara Veran Mati\u0107 izjavio je danas u Jagodini povodom 22. godi\u0161njice od ubistva novinara Milana Panti\u0107a da je ta Komisija ustanovila istinu i da se od dr\u017eave tra\u017ei pravda. On je pojasnio da je Komisija\u00a0 ustanovila da je pisanje o plja\u010dka\u0161koj privatizaciji motiv za ubistvo Panti\u0107a, dok je prema svim mogu\u0107im pokazetiljima Radna grupa MUP je istra\u017eila da je to ubistvo bilo ispirisano u samom vrhu tada\u0161njeg DOS.<\/p>\n<div id='gallery-1' class='gallery galleryid-35218 gallery-columns-3 gallery-size-thumbnail'><figure class='gallery-item'>\n\t\t\t<div class='gallery-icon landscape'>\n\t\t\t\t<a href='https:\/\/centralmedia.rs\/index.php\/2023\/06\/11\/22-godine-od-ubistva-novinara-milana-pantica-matic-ubistvo-pantica-inspirisano-iz-vrha-dos\/bodrozic-nuns\/'><img loading=\"lazy\" decoding=\"async\" width=\"150\" height=\"150\" src=\"https:\/\/centralmedia.rs\/wp-content\/uploads\/2023\/06\/bodrozic-nuns-150x150.jpg\" class=\"attachment-thumbnail size-thumbnail\" alt=\"\" \/><\/a>\n\t\t\t<\/div><\/figure><figure class='gallery-item'>\n\t\t\t<div class='gallery-icon landscape'>\n\t\t\t\t<a href='https:\/\/centralmedia.rs\/index.php\/2023\/06\/11\/22-godine-od-ubistva-novinara-milana-pantica-matic-ubistvo-pantica-inspirisano-iz-vrha-dos\/plaketa-4\/'><img loading=\"lazy\" decoding=\"async\" width=\"150\" height=\"150\" src=\"https:\/\/centralmedia.rs\/wp-content\/uploads\/2023\/06\/PLAKETA-150x150.jpg\" class=\"attachment-thumbnail size-thumbnail\" alt=\"\" \/><\/a>\n\t\t\t<\/div><\/figure><figure class='gallery-item'>\n\t\t\t<div class='gallery-icon landscape'>\n\t\t\t\t<a href='https:\/\/centralmedia.rs\/index.php\/2023\/06\/11\/22-godine-od-ubistva-novinara-milana-pantica-matic-ubistvo-pantica-inspirisano-iz-vrha-dos\/dodela-plakete\/'><img loading=\"lazy\" decoding=\"async\" width=\"150\" height=\"150\" src=\"https:\/\/centralmedia.rs\/wp-content\/uploads\/2023\/06\/dodela-plakete-150x150.jpg\" class=\"attachment-thumbnail size-thumbnail\" alt=\"\" \/><\/a>\n\t\t\t<\/div><\/figure>\n\t\t<\/div>\n\n<p>-Komisija za istra\u017eivanje ubistva novinara sa svojom Radnom grupom MUP, koja je radila na otkrivanju slu\u010daja ubistva novinara Milana Panti\u0107a i koju je vodio inspektor Dragan Kecman, je do\u0161la do podataka \u00a0o ubicama. Do\u0161la je i do \u0161ire slike i motiva i onih koji bi mogli biti nalogodavci u ovom slu\u010daju. Tako da je nama istina poznata, ali je uvek problem kada treba da do\u0111emo do pravde, a pravda donosi odre\u0111enu vrstu kazne koja je pokazatelj dru\u0161tvu \u0161ta apsolutno nedopustivo da se \u010dini. Aposolutno nedopustivo je da se ubijaju novinari, da se \u010dini nasilje. Sada moramo da pro\u0161irimo temu, ona mnogo \u0161ira, ona se doga\u0111a i na mikro planu, \u0161kolama i drugim mestima. Nama je va\u017ena pravda. Mi ve\u0107 tri godine tra\u017eimo od Specijalnog tu\u017eila\u0161tva za organizovani kriminal da preuzme slu\u010daj, jer je re\u010d o organizovanom kriminalu. Ovo tu\u017eila\u0161tvo poseduje i mnogo ve\u0107e mogu\u0107nosti od jagodinskog. Ovo je slo\u017een slu\u010daj iz najmanje dva razloga, privatizacije i likvidacije. Nedostaje politi\u010dka volja da se slu\u010daj razre\u0161i. Vidimo da u Srbiju dolazi veliki broj me\u0111unarodnih organizacija da podr\u017ei re\u0161avanje ubistava novinara, ali kod nas, o\u010digledno, nema dovoljano snage da se u\u010dini nespornim da se ovo ubistvo razre\u0161i, izme\u0111u ostalog i pravosudno na sudu, kazao je Mati\u0107.<\/p>\n<p>Novinarska zajednica je 2001. godinu do\u010dekala sa obe\u0107anjima kolicije\u00a0 DOS da \u0107e se re\u0161iti slu\u010dajevi ubistava novinara Dade Vujasinovi\u0107 i Slavka \u0106uruvije, da \u0107e biti doneti demokratski medijski zakoni i da se ne\u0107e dopustiti ubistva novinara.<\/p>\n<p>-Umesto razre\u0161enja tih ubistava, mi\u00a0 smo dobili novo ubsitvo. Ubijen je Milan Panti\u0107. Na talasu jedne surove, u\u017easne i plja\u010dka\u0161ke privatizacije koja je zapo\u010dela, odnosno otima\u010dina oko dru\u0161tvene imovine, najboljih preduze\u0107a. Izme\u0111u ostalog to nije mimoi\u0161lo Jagodinu i ova kraj i to je direktan motiv za ubistvo\u00a0 na\u0161eg kolege koji naivno poverovao da je do\u0161la pravda, demokratija i da je mogu\u0107e pisati o svim anomalijama. On je pisao iz dana u dan, ne samo u Novostima ve\u0107 i lokalnom listu pod pseudonimom. Zaista je to slu\u010daj ubistva novinara sa mnogo ve\u0107om te\u017einom, jer su te iste politi\u010dke snage vladale jo\u0161 narednih desetak godina i mogli su da istra\u017ee ubistvo i dovedu do pravde. \u010cinjenica je da prema svim mogu\u0107im pokazateljima Radna grupa MUP istra\u017eila da je to ubistvo bilo ispirisano u samom vrhu tada\u0161nje vlasti. To je jedan do razloga da je sedam radnih grupa osnovanih u MUP u tih 10, 12 godina, odnosno na svakih godinu i po, \u0161to nigde nije zabele\u017eeno. Nije nikada do\u0161lo do nekog eksplicitnijeg rezultata kada je re\u010d o po\u010diniocima i nalogodavcima, zaklju\u010dio je Mati\u0107.<\/p>\n<p>Ovogodi\u0161nji dobitnika nagrade za novinarsku hrabrost Milan Panti\u0107 je mladi novinar iz Lapljeg Sela Dimitrije Mirkovi\u0107, koji je novinarstvom po\u010deo da se bavi u martu ove godine u Gra\u010danica online. Na groblju je odata po\u0161ta Milanu Panti\u0107u, a pred spomenikom, ispred zgrade gde je \u017eiveo i ubijen Milan Panti\u0107, govorili su \u017deljko Bodro\u017ei\u0107- NUNS i \u017divojin Rako\u010devi\u0107.<\/p>\n","protected":false},"excerpt":{"rendered":"<p>&nbsp; JAGODINA- Predsednik Komisije za istra\u017eivanje ubistva novinara Veran Mati\u0107 izjavio je danas u Jagodini povodom 22. godi\u0161njice od ubistva novinara Milana Panti\u0107a da je &hellip; <\/p>\n","protected":false},"author":2,"featured_media":35219,"comment_status":"open","ping_status":"open","sticky":false,"template":"","format":"standard","meta":{"footnotes":""},"categories":[1524,20,2,1514,5643,887,12],"tags":[58,462,792,1359],"_links":{"self":[{"href":"https:\/\/centralmedia.rs\/index.php\/wp-json\/wp\/v2\/posts\/35218"}],"collection":[{"href":"https:\/\/centralmedia.rs\/index.php\/wp-json\/wp\/v2\/posts"}],"about":[{"href":"https:\/\/centralmedia.rs\/index.php\/wp-json\/wp\/v2\/types\/post"}],"author":[{"embeddable":true,"href":"https:\/\/centralmedia.rs\/index.php\/wp-json\/wp\/v2\/users\/2"}],"replies":[{"embeddable":true,"href":"https:\/\/centralmedia.rs\/index.php\/wp-json\/wp\/v2\/comments?post=35218"}],"version-history":[{"count":2,"href":"https:\/\/centralmedia.rs\/index.php\/wp-json\/wp\/v2\/posts\/35218\/revisions"}],"predecessor-version":[{"id":35223,"href":"https:\/\/centralmedia.rs\/index.php\/wp-json\/wp\/v2\/posts\/35218\/revisions\/35223"}],"wp:featuredmedia":[{"embeddable":true,"href":"https:\/\/centralmedia.rs\/index.php\/wp-json\/wp\/v2\/media\/35219"}],"wp:attachment":[{"href":"https:\/\/centralmedia.rs\/index.php\/wp-json\/wp\/v2\/media?parent=35218"}],"wp:term":[{"taxonomy":"category","embeddable":true,"href":"https:\/\/centralmedia.rs\/index.php\/wp-json\/wp\/v2\/categories?post=35218"},{"taxonomy":"post_tag","embeddable":true,"href":"https:\/\/centralmedia.rs\/index.php\/wp-json\/wp\/v2\/tags?post=35218"}],"curies":[{"name":"wp","href":"https:\/\/api.w.org\/{rel}","templated":true}]}}