{"id":35228,"date":"2023-06-11T17:06:10","date_gmt":"2023-06-11T15:06:10","guid":{"rendered":"http:\/\/centralmedia.rs\/?p=35228"},"modified":"2023-06-14T16:04:17","modified_gmt":"2023-06-14T14:04:17","slug":"nekrofilno-ponasanje-politicara-na-obelezavanju-22-godisnjice-od-ubistva-milana-pantica","status":"publish","type":"post","link":"https:\/\/centralmedia.rs\/index.php\/2023\/06\/11\/nekrofilno-ponasanje-politicara-na-obelezavanju-22-godisnjice-od-ubistva-milana-pantica\/","title":{"rendered":"NEKROFILNO PONA\u0160ANJE POLITI\u010cARA NA OBELE\u017dAVANJU 22. GODI\u0160NJICE OD UBISTVA MILANA PANTI\u0106A"},"content":{"rendered":"<p>&nbsp;<\/p>\n<p>Pomoravski novinari i medijska udru\u017eenja obele\u017eili su danas 22. godi\u0161njicu od ubistva novinara Milana Panti\u0107a. Kao i ranijih godina, bez ikakve pompe ili scena, u miru i ti\u0161ini, polo\u017eeni su venci i cve\u0107e, zapaljene su sve\u0107e na grob Milana Panti\u0107a, odata je po\u0161ta na mestu ubistava, ispred spomenika medijski poslenici su zatra\u017eili da dr\u017eava kona\u010dno procesuira nalogodavce i ubice&#8230;Me\u0111utim, ovog puta su tzv. umi\u0161ljeni lokalni politi\u010dari svojim \u017ealosnim pona\u0161anjem \u017eeleli da urade ne\u0161to, \u0161ta su hteli, to nikome,pa ni njima, nije jasno, ali jasno je da su imali nameru da ukaljaju obele\u017eavanje godi\u0161njice i mesto ubistva novinara Milanu Panti\u0107u. Tra\u017eenje medijske pa\u017enje na ovakvim skupovima nije normalno, skakanje po novinarima i snimateljima, guranje, davanje politi\u010dkih izjava, isticanje politi\u010dkih poruka je za svaku osudu, a pogotovo ako je re\u010d o politi\u010darima koji su u vreme ubistva Panti\u0107a bili na najodgovornijim javnim i strana\u010dkim funkcijama. Objektivnu odgovornost za ubistvo Milana Panti\u0107a ima tada\u0161nja vlast, nisu ni pomi\u0161ljali da podnose ostavke zbog zlo\u010dina prema novinarima, nikada im nije im palo na pamet da upute izvinjenje novinarima, ve\u0107 su se gr\u010devito borili za vlast do poslednje sekunde. Zna se koje su stranke postavljale svoje aparat\u010dike na najodgovornije funkcije u preduze\u0107ima predvi\u0111enim za privatizaciju, zna se i \u010diji su starana\u010dki lideri bili po upravnim odborima i po pomoravskim op\u0161tinama. Upravo takvi politi\u010dari i rodona\u010delnici svake vrste nasilja nisu dobrodo\u0161li na mesta ubistva novinara, zbog pomenute objektivne odgovornosti, a mo\u017eda i subjektivne ako se doka\u017ee u istrazi i potvrdi na sudu.\u00a0 Dok je predsednik Komisije za istragu ubistva novinara Veran Mati\u0107 govorio o tome da je Radna grupa MUP\u00a0 istra\u017eila da je ubistvo Panti\u0107a inspirisano u samo vrhu DOS, tada\u0161nji lider jedne od \u010dlanica DOS pravi politi\u010dki performans ispred spomenika. Takav oblik nekrofilije jo\u0161 nije vi\u0111en na ovim prostorima.\u00a0 Upravo zbog toga molimo sve politi\u010dke organizacije da svojim prisustvom, a posebno politi\u010dkim porukama, ne skrnave dogo\u0111aje poput podse\u0107anja na zlo\u010dine i na taj na\u010din ponovo ne ubijaju nevine ljude.<\/p>\n<p>KLUB NOVINARA POMORAVLJA<\/p>\n","protected":false},"excerpt":{"rendered":"<p>&nbsp; Pomoravski novinari i medijska udru\u017eenja obele\u017eili su danas 22. godi\u0161njicu od ubistva novinara Milana Panti\u0107a. Kao i ranijih godina, bez ikakve pompe ili scena, &hellip; <\/p>\n","protected":false},"author":2,"featured_media":35229,"comment_status":"open","ping_status":"open","sticky":false,"template":"","format":"standard","meta":{"footnotes":""},"categories":[1524,20,2,1514,5643,887,12],"tags":[6228,6225,6227],"_links":{"self":[{"href":"https:\/\/centralmedia.rs\/index.php\/wp-json\/wp\/v2\/posts\/35228"}],"collection":[{"href":"https:\/\/centralmedia.rs\/index.php\/wp-json\/wp\/v2\/posts"}],"about":[{"href":"https:\/\/centralmedia.rs\/index.php\/wp-json\/wp\/v2\/types\/post"}],"author":[{"embeddable":true,"href":"https:\/\/centralmedia.rs\/index.php\/wp-json\/wp\/v2\/users\/2"}],"replies":[{"embeddable":true,"href":"https:\/\/centralmedia.rs\/index.php\/wp-json\/wp\/v2\/comments?post=35228"}],"version-history":[{"count":1,"href":"https:\/\/centralmedia.rs\/index.php\/wp-json\/wp\/v2\/posts\/35228\/revisions"}],"predecessor-version":[{"id":35230,"href":"https:\/\/centralmedia.rs\/index.php\/wp-json\/wp\/v2\/posts\/35228\/revisions\/35230"}],"wp:featuredmedia":[{"embeddable":true,"href":"https:\/\/centralmedia.rs\/index.php\/wp-json\/wp\/v2\/media\/35229"}],"wp:attachment":[{"href":"https:\/\/centralmedia.rs\/index.php\/wp-json\/wp\/v2\/media?parent=35228"}],"wp:term":[{"taxonomy":"category","embeddable":true,"href":"https:\/\/centralmedia.rs\/index.php\/wp-json\/wp\/v2\/categories?post=35228"},{"taxonomy":"post_tag","embeddable":true,"href":"https:\/\/centralmedia.rs\/index.php\/wp-json\/wp\/v2\/tags?post=35228"}],"curies":[{"name":"wp","href":"https:\/\/api.w.org\/{rel}","templated":true}]}}