{"id":35242,"date":"2023-06-12T13:35:07","date_gmt":"2023-06-12T11:35:07","guid":{"rendered":"http:\/\/centralmedia.rs\/?p=35242"},"modified":"2023-06-14T16:04:05","modified_gmt":"2023-06-14T14:04:05","slug":"vanredna-situacija-u-selu-vojska","status":"publish","type":"post","link":"https:\/\/centralmedia.rs\/index.php\/2023\/06\/12\/vanredna-situacija-u-selu-vojska\/","title":{"rendered":"VANREDNA SITUACIJA U SELU VOJSKA"},"content":{"rendered":"<p>&nbsp;<\/p>\n<p>SVILAJNAC &#8211; No\u0107as oko 2 sata obilne padavine u selu Vojska dovele su do izlivanja reke Trstene, usled \u010dega su poplavljene pojedine ku\u0107e, doma\u0107instva I poljoprivredno zemlji\u0161te. Na teren su odmah iza\u0161le ekipe KJP &#8220;Morava&#8221; Svilajnac, spasila\u010dke slu\u017ebe, a poplavljeno podru\u010dje obi\u0161ao je i predsednik op\u0161tine Svilajnac Predrag Milanovi\u0107, koji je izjavio da je progla\u0161ena vanredna situacija na podru\u010dju sela Vojska:<\/p>\n<p>&#8220;Poplavljeno je \u0161est, sedam ku\u0107a, par desetina doma\u0107instava, sve ekipe su na terenu i poma\u017eu ljudima da se iscrpi voda i da im se obezbedi sve \u0161to im je neophodno u ovom trenutku. Brine nas \u0161to su padavine najavljene za ceo dan. Velika je \u0161teta u poljoprivredi, narednih dana \u0107emo izlaziti na teren i praviti procenu \u0161tete\u201c \u2013 izjavio je Milanovi\u0107. Na terenu su i ekipe Crvenog krsta koje poma\u017eu poplavljenim porodicama.<\/p>\n<div id='gallery-1' class='gallery galleryid-35242 gallery-columns-3 gallery-size-thumbnail'><figure class='gallery-item'>\n\t\t\t<div class='gallery-icon landscape'>\n\t\t\t\t<a href='https:\/\/centralmedia.rs\/index.php\/2023\/06\/12\/vanredna-situacija-u-selu-vojska\/vojska-1\/'><img loading=\"lazy\" decoding=\"async\" width=\"150\" height=\"150\" src=\"https:\/\/centralmedia.rs\/wp-content\/uploads\/2023\/06\/vojska-1-150x150.jpg\" class=\"attachment-thumbnail size-thumbnail\" alt=\"\" \/><\/a>\n\t\t\t<\/div><\/figure><figure class='gallery-item'>\n\t\t\t<div class='gallery-icon landscape'>\n\t\t\t\t<a href='https:\/\/centralmedia.rs\/index.php\/2023\/06\/12\/vanredna-situacija-u-selu-vojska\/vojska-3-2\/'><img loading=\"lazy\" decoding=\"async\" width=\"150\" height=\"150\" src=\"https:\/\/centralmedia.rs\/wp-content\/uploads\/2023\/06\/vojska-3-150x150.jpg\" class=\"attachment-thumbnail size-thumbnail\" alt=\"\" \/><\/a>\n\t\t\t<\/div><\/figure><figure class='gallery-item'>\n\t\t\t<div class='gallery-icon landscape'>\n\t\t\t\t<a href='https:\/\/centralmedia.rs\/index.php\/2023\/06\/12\/vanredna-situacija-u-selu-vojska\/vojska-2-2\/'><img loading=\"lazy\" decoding=\"async\" width=\"150\" height=\"150\" src=\"https:\/\/centralmedia.rs\/wp-content\/uploads\/2023\/06\/vojska-2-150x150.jpg\" class=\"attachment-thumbnail size-thumbnail\" alt=\"\" \/><\/a>\n\t\t\t<\/div><\/figure>\n\t\t<\/div>\n\n","protected":false},"excerpt":{"rendered":"<p>&nbsp; SVILAJNAC &#8211; No\u0107as oko 2 sata obilne padavine u selu Vojska dovele su do izlivanja reke Trstene, usled \u010dega su poplavljene pojedine ku\u0107e, doma\u0107instva &hellip; <\/p>\n","protected":false},"author":2,"featured_media":35243,"comment_status":"open","ping_status":"open","sticky":false,"template":"","format":"standard","meta":{"footnotes":""},"categories":[1524,20,2,887,12,5785,1517],"tags":[38,4460,498],"_links":{"self":[{"href":"https:\/\/centralmedia.rs\/index.php\/wp-json\/wp\/v2\/posts\/35242"}],"collection":[{"href":"https:\/\/centralmedia.rs\/index.php\/wp-json\/wp\/v2\/posts"}],"about":[{"href":"https:\/\/centralmedia.rs\/index.php\/wp-json\/wp\/v2\/types\/post"}],"author":[{"embeddable":true,"href":"https:\/\/centralmedia.rs\/index.php\/wp-json\/wp\/v2\/users\/2"}],"replies":[{"embeddable":true,"href":"https:\/\/centralmedia.rs\/index.php\/wp-json\/wp\/v2\/comments?post=35242"}],"version-history":[{"count":1,"href":"https:\/\/centralmedia.rs\/index.php\/wp-json\/wp\/v2\/posts\/35242\/revisions"}],"predecessor-version":[{"id":35246,"href":"https:\/\/centralmedia.rs\/index.php\/wp-json\/wp\/v2\/posts\/35242\/revisions\/35246"}],"wp:featuredmedia":[{"embeddable":true,"href":"https:\/\/centralmedia.rs\/index.php\/wp-json\/wp\/v2\/media\/35243"}],"wp:attachment":[{"href":"https:\/\/centralmedia.rs\/index.php\/wp-json\/wp\/v2\/media?parent=35242"}],"wp:term":[{"taxonomy":"category","embeddable":true,"href":"https:\/\/centralmedia.rs\/index.php\/wp-json\/wp\/v2\/categories?post=35242"},{"taxonomy":"post_tag","embeddable":true,"href":"https:\/\/centralmedia.rs\/index.php\/wp-json\/wp\/v2\/tags?post=35242"}],"curies":[{"name":"wp","href":"https:\/\/api.w.org\/{rel}","templated":true}]}}