{"id":35273,"date":"2023-06-13T06:31:27","date_gmt":"2023-06-13T04:31:27","guid":{"rendered":"http:\/\/centralmedia.rs\/?p=35273"},"modified":"2023-06-14T16:03:48","modified_gmt":"2023-06-14T14:03:48","slug":"italijanski-ambasador-posetio-jagodinu","status":"publish","type":"post","link":"https:\/\/centralmedia.rs\/index.php\/2023\/06\/13\/italijanski-ambasador-posetio-jagodinu\/","title":{"rendered":"ITALIJANSKI AMBASADOR POSETIO JAGODINU"},"content":{"rendered":"<p>&nbsp;<\/p>\n<p>JAGODINA- Ambasador Italije u Srbiji Luka Gori posetio je Jagodinu i italijanske fabrike koje posluju u tom gradu. Ambasadora i generalnog menad\u017eera kompanije Aunde Srbija Anina De Venecia u Skup\u0161tini grada Jagodine je primio predsednik skup\u0161tine Dragan Markovi\u0107 Palma.<\/p>\n<p>Markovi\u0107 je istakao da u Jagodini ve\u0107 godinama uspe\u0161no radi nekoliko italijanskih fabrika koje zapo\u0161ljavaju veliki broj radnika.<\/p>\n<p>\u201eSve te fabrike iz Italije mi smo sami doveli u Jagodinu, bez i\u010dije pomo\u0107i. Veliki broj italijanskih fabrika otvoren je i u drugim gradovima Srbije. To zna\u010di da Srbija u\u017eiva veliko poverenje kada je re\u010d o kapitalu stranih investitora. Mi smo ve\u0107 u na\u010delu dogovorili sa jednom kompanijom koja se bavi izgradnjom fabrika i izdaje te fabrike u zakup, da \u0107emo imati jo\u0161 \u010detiri fabrike i zaposliti ogroman broj radnika. Fabrika Aunde je po\u010dela sa 150 radnika, imali su dva pro\u0161irenja pogona i danas zapo\u0161ljava 900 radnika. I ostale fabrike u Jagodini imale su pro\u0161irenje pogona i ve\u0107i broj radnika. U ime moje politi\u010dke partije Jedinstvene Srbije, o\u010dekujem od Italije da Srbija postane \u010dlan Evropske unije, da se po\u0161tuje me\u0111unarodno pravo a posebno nepravda koja se svake nedelje de\u0161ava na Kosovu i Metohiji i da Vlada Italije i predsednik Italije u svetskim institucijama gde se odlu\u010duje o sudbini gra\u0111ana Srbije, ne koriste ve\u0107inu prisutnih ve\u0107 zakon koji se zove me\u0111unarodno pravo\u201d, rekao je Dragan Markovi\u0107 Palma.<\/p>\n<p>Italijanski ambasador Luka Gori je izrazio zadovoljstvo \u0161to je posetio Jagodinu.<\/p>\n<p>\u201eJagodina je bitno mesto kada je re\u010d o poslovnoj saradnji Srbije i Italije. Mi imamo dosta kompanija koje rade u ovoj regiji. Oni su zadovoljni poslovanjem u svom okru\u017eenju, imaju nove projekte i nove investicije. Mnoge italijanske firme ponovo investiraju u Srbiju i Balkan. 2022.godine je bio rekord u bilateralnoj ekonomskoj saradnji dve zemlje i spoljnotrgovinska razmena je iznosila 4,6 milijardi evra. Sada poku\u0161avamo da investiramo u nove sektore kao \u0161to su poljoprivreda, zelena tranzicija, obnovljivi izvori energije i infrastruktura. Jako sam sre\u0107an zbog saradnje sa Jagodinom. Italija \u0107e nastaviti da podr\u017eava napore ulaska Srbije u EU. Mi zagovaramo \u0161to br\u017ei ulazak Srbije u EU. Nastavi\u0107emo da radimo u tom smeru\u201d, rekao je ambasador Italije i izrazio razumevanje za sitauciju sa poplavama u Srbiji jer su nedavno bile i poplave u italijanskoj oblasti Emilija Romanja.<\/p>\n<p>Dragan Markovi\u0107 Palma je ambasadoru Italije uru\u010dio Plaketu grada Jagodine.<\/p>\n","protected":false},"excerpt":{"rendered":"<p>&nbsp; JAGODINA- Ambasador Italije u Srbiji Luka Gori posetio je Jagodinu i italijanske fabrike koje posluju u tom gradu. Ambasadora i generalnog menad\u017eera kompanije Aunde &hellip; <\/p>\n","protected":false},"author":2,"featured_media":35274,"comment_status":"open","ping_status":"open","sticky":false,"template":"","format":"standard","meta":{"footnotes":""},"categories":[1524,2,1514,5643,13,887,12],"tags":[6231,58,120],"_links":{"self":[{"href":"https:\/\/centralmedia.rs\/index.php\/wp-json\/wp\/v2\/posts\/35273"}],"collection":[{"href":"https:\/\/centralmedia.rs\/index.php\/wp-json\/wp\/v2\/posts"}],"about":[{"href":"https:\/\/centralmedia.rs\/index.php\/wp-json\/wp\/v2\/types\/post"}],"author":[{"embeddable":true,"href":"https:\/\/centralmedia.rs\/index.php\/wp-json\/wp\/v2\/users\/2"}],"replies":[{"embeddable":true,"href":"https:\/\/centralmedia.rs\/index.php\/wp-json\/wp\/v2\/comments?post=35273"}],"version-history":[{"count":1,"href":"https:\/\/centralmedia.rs\/index.php\/wp-json\/wp\/v2\/posts\/35273\/revisions"}],"predecessor-version":[{"id":35275,"href":"https:\/\/centralmedia.rs\/index.php\/wp-json\/wp\/v2\/posts\/35273\/revisions\/35275"}],"wp:featuredmedia":[{"embeddable":true,"href":"https:\/\/centralmedia.rs\/index.php\/wp-json\/wp\/v2\/media\/35274"}],"wp:attachment":[{"href":"https:\/\/centralmedia.rs\/index.php\/wp-json\/wp\/v2\/media?parent=35273"}],"wp:term":[{"taxonomy":"category","embeddable":true,"href":"https:\/\/centralmedia.rs\/index.php\/wp-json\/wp\/v2\/categories?post=35273"},{"taxonomy":"post_tag","embeddable":true,"href":"https:\/\/centralmedia.rs\/index.php\/wp-json\/wp\/v2\/tags?post=35273"}],"curies":[{"name":"wp","href":"https:\/\/api.w.org\/{rel}","templated":true}]}}