{"id":35279,"date":"2023-06-13T15:52:06","date_gmt":"2023-06-13T13:52:06","guid":{"rendered":"http:\/\/centralmedia.rs\/?p=35279"},"modified":"2023-06-18T16:26:18","modified_gmt":"2023-06-18T14:26:18","slug":"stanovi-za-romske-porodice-u-svilajncu","status":"publish","type":"post","link":"https:\/\/centralmedia.rs\/index.php\/2023\/06\/13\/stanovi-za-romske-porodice-u-svilajncu\/","title":{"rendered":"STANOVI ZA ROMSKE PORODICE U SVILAJNCU"},"content":{"rendered":"<p>&nbsp;<\/p>\n<p>SVILAJNAC-\u00a0 U okviru programa podr\u0161ka Evropske unije socijalnom stanovanju i aktivnoj inkluziji (EU SHAI), danas je 26 romskih porodica useljeno u novoizgra\u0111enu zgradu za socijalno stanovanje u Kameni\u010dkoj ulici u Svilajncu. Doga\u0111aju su prisustvovali ministri Nikola Selakovi\u0107 i Tomislav \u017digmanov, predsednik te op\u0161tine Predrag Milanovi\u0107 i\u00a0 \u0161efica i sektora operacija Delegacije Evropske unije u Republici Srbiji Elvira Maria Angulo Rodrigez.<\/p>\n<div id='gallery-1' class='gallery galleryid-35279 gallery-columns-5 gallery-size-thumbnail'><figure class='gallery-item'>\n\t\t\t<div class='gallery-icon landscape'>\n\t\t\t\t<a href='https:\/\/centralmedia.rs\/index.php\/2023\/06\/13\/stanovi-za-romske-porodice-u-svilajncu\/ministri\/'><img loading=\"lazy\" decoding=\"async\" width=\"150\" height=\"150\" src=\"https:\/\/centralmedia.rs\/wp-content\/uploads\/2023\/06\/ministri-150x150.jpg\" class=\"attachment-thumbnail size-thumbnail\" alt=\"\" \/><\/a>\n\t\t\t<\/div><\/figure><figure class='gallery-item'>\n\t\t\t<div class='gallery-icon landscape'>\n\t\t\t\t<a href='https:\/\/centralmedia.rs\/index.php\/2023\/06\/13\/stanovi-za-romske-porodice-u-svilajncu\/ministri1\/'><img loading=\"lazy\" decoding=\"async\" width=\"150\" height=\"150\" src=\"https:\/\/centralmedia.rs\/wp-content\/uploads\/2023\/06\/ministri1-150x150.jpg\" class=\"attachment-thumbnail size-thumbnail\" alt=\"\" \/><\/a>\n\t\t\t<\/div><\/figure><figure class='gallery-item'>\n\t\t\t<div class='gallery-icon landscape'>\n\t\t\t\t<a href='https:\/\/centralmedia.rs\/index.php\/2023\/06\/13\/stanovi-za-romske-porodice-u-svilajncu\/ministri2\/'><img loading=\"lazy\" decoding=\"async\" width=\"150\" height=\"150\" src=\"https:\/\/centralmedia.rs\/wp-content\/uploads\/2023\/06\/ministri2-150x150.jpg\" class=\"attachment-thumbnail size-thumbnail\" alt=\"\" \/><\/a>\n\t\t\t<\/div><\/figure><figure class='gallery-item'>\n\t\t\t<div class='gallery-icon landscape'>\n\t\t\t\t<a href='https:\/\/centralmedia.rs\/index.php\/2023\/06\/13\/stanovi-za-romske-porodice-u-svilajncu\/rodrigez\/'><img loading=\"lazy\" decoding=\"async\" width=\"150\" height=\"150\" src=\"https:\/\/centralmedia.rs\/wp-content\/uploads\/2023\/06\/rodrigez-150x150.jpg\" class=\"attachment-thumbnail size-thumbnail\" alt=\"\" \/><\/a>\n\t\t\t<\/div><\/figure><figure class='gallery-item'>\n\t\t\t<div class='gallery-icon landscape'>\n\t\t\t\t<a href='https:\/\/centralmedia.rs\/index.php\/2023\/06\/13\/stanovi-za-romske-porodice-u-svilajncu\/romi\/'><img loading=\"lazy\" decoding=\"async\" width=\"150\" height=\"150\" src=\"https:\/\/centralmedia.rs\/wp-content\/uploads\/2023\/06\/romi-150x150.jpg\" class=\"attachment-thumbnail size-thumbnail\" alt=\"\" \/><\/a>\n\t\t\t<\/div><\/figure>\n\t\t<\/div>\n\n<p>-Danas smo na kraju velikog projekta i ljudi koji dobijaju klju\u010deve od stanova po\u010dinju novi \u017eivot. Dobi\u0107e novi prostor za \u017eivot i deca \u0107e biti ravnopravna sa ostalim vr\u0161najcima u smislu uslova stanovanja. Projekat je ra\u0111en u dve faze. Predhodno je izgra\u0111ena prva zgrada, ovo je druga. Op\u0161tina je obezbedila plac od 40 ari, a cena ko\u0161tanja objekata je 173 miliona dinara, a od toga je op\u0161tina izdvojila 18 miliona. Sva razlika je iz fondova EU, rekao je predsednik te op\u0161tine Predrag Milanovi\u0107<\/p>\n<div id='gallery-2' class='gallery galleryid-35279 gallery-columns-3 gallery-size-thumbnail'><figure class='gallery-item'>\n\t\t\t<div class='gallery-icon landscape'>\n\t\t\t\t<a href='https:\/\/centralmedia.rs\/index.php\/2023\/06\/13\/stanovi-za-romske-porodice-u-svilajncu\/romi1\/'><img loading=\"lazy\" decoding=\"async\" width=\"150\" height=\"150\" src=\"https:\/\/centralmedia.rs\/wp-content\/uploads\/2023\/06\/romi1-150x150.jpg\" class=\"attachment-thumbnail size-thumbnail\" alt=\"\" \/><\/a>\n\t\t\t<\/div><\/figure><figure class='gallery-item'>\n\t\t\t<div class='gallery-icon landscape'>\n\t\t\t\t<a href='https:\/\/centralmedia.rs\/index.php\/2023\/06\/13\/stanovi-za-romske-porodice-u-svilajncu\/romi2\/'><img loading=\"lazy\" decoding=\"async\" width=\"150\" height=\"150\" src=\"https:\/\/centralmedia.rs\/wp-content\/uploads\/2023\/06\/romi2-150x150.jpg\" class=\"attachment-thumbnail size-thumbnail\" alt=\"\" \/><\/a>\n\t\t\t<\/div><\/figure><figure class='gallery-item'>\n\t\t\t<div class='gallery-icon landscape'>\n\t\t\t\t<a href='https:\/\/centralmedia.rs\/index.php\/2023\/06\/13\/stanovi-za-romske-porodice-u-svilajncu\/romi3\/'><img loading=\"lazy\" decoding=\"async\" width=\"150\" height=\"150\" src=\"https:\/\/centralmedia.rs\/wp-content\/uploads\/2023\/06\/romi3-150x150.jpg\" class=\"attachment-thumbnail size-thumbnail\" alt=\"\" \/><\/a>\n\t\t\t<\/div><\/figure>\n\t\t<\/div>\n\n<p>Zgrada sa 26 socijalnih stanova je izgra\u0111ena u okviru projekta \u201eNovi domovi i inkluzivno okru\u017eenje za osetljive kategorije stanovni\u0161tva u Svilajncu\u2019\u2019, koji je deo EU SHAI programa, a sprovodi ga Op\u0161tina Svilajnac u partnerstvu sa Centrom za socijalni rad Svilajnac i Crvenim krstom Svilajnac, uz pomo\u0107 donacije Evropske unije.<\/p>\n<p>&#8211; Kroz ovaj projekat EU obezbe\u0111uje socijalo stanovanje, ali i mere aktivne inkluzije. EU nije samo najve\u0107i donator u Srbiji, ve\u0107 I najve\u0107i donator za programe socijalne inkluzije. U proteklih pet godina EU je ulo\u017eila 115 miliona evra u te programe za unapre\u0111enje \u017eivota vise od 15 hiljada ljudi. Useljavanje u nove stanove je poe\u010dtak novog \u017eivota, kazala je \u0161efica i sektora operacija Delegacije Evropske unije u Republici Srbiji Elvira Maria Angulo Rodrigez.<\/p>\n<div id='gallery-3' class='gallery galleryid-35279 gallery-columns-3 gallery-size-thumbnail'><figure class='gallery-item'>\n\t\t\t<div class='gallery-icon landscape'>\n\t\t\t\t<a href='https:\/\/centralmedia.rs\/index.php\/2023\/06\/13\/stanovi-za-romske-porodice-u-svilajncu\/romi5\/'><img loading=\"lazy\" decoding=\"async\" width=\"150\" height=\"150\" src=\"https:\/\/centralmedia.rs\/wp-content\/uploads\/2023\/06\/romi5-150x150.jpg\" class=\"attachment-thumbnail size-thumbnail\" alt=\"\" \/><\/a>\n\t\t\t<\/div><\/figure><figure class='gallery-item'>\n\t\t\t<div class='gallery-icon landscape'>\n\t\t\t\t<a href='https:\/\/centralmedia.rs\/index.php\/2023\/06\/13\/stanovi-za-romske-porodice-u-svilajncu\/romi6\/'><img loading=\"lazy\" decoding=\"async\" width=\"150\" height=\"150\" src=\"https:\/\/centralmedia.rs\/wp-content\/uploads\/2023\/06\/romi6-150x150.jpg\" class=\"attachment-thumbnail size-thumbnail\" alt=\"\" \/><\/a>\n\t\t\t<\/div><\/figure><figure class='gallery-item'>\n\t\t\t<div class='gallery-icon landscape'>\n\t\t\t\t<a href='https:\/\/centralmedia.rs\/index.php\/2023\/06\/13\/stanovi-za-romske-porodice-u-svilajncu\/romi7\/'><img loading=\"lazy\" decoding=\"async\" width=\"150\" height=\"150\" src=\"https:\/\/centralmedia.rs\/wp-content\/uploads\/2023\/06\/romi7-150x150.jpg\" class=\"attachment-thumbnail size-thumbnail\" alt=\"\" \/><\/a>\n\t\t\t<\/div><\/figure>\n\t\t<\/div>\n\n<p>Dvadeset\u0161est korisnika, koji pripadaju najosetljivijom dru\u0161tvenim grupama, primi\u0107e klju\u010deve name\u0161tenih i opremljenih stanova koje dobijaju na kori\u0161\u0107enje bez pla\u0107anja zakupa. Pored stambenog re\u0161enja, svi korisnici dobijaju i podr\u0161ku u aktivnoj inkluziji u vidu ekonomskog osna\u017eivanja i pove\u0107anja zapo\u0161ljivosti, opremanja doma\u0107instava osnovnim ku\u0107nim aparatima i name\u0161tajem.<\/p>\n","protected":false},"excerpt":{"rendered":"<p>&nbsp; SVILAJNAC-\u00a0 U okviru programa podr\u0161ka Evropske unije socijalnom stanovanju i aktivnoj inkluziji (EU SHAI), danas je 26 romskih porodica useljeno u novoizgra\u0111enu zgradu za &hellip; <\/p>\n","protected":false},"author":2,"featured_media":35280,"comment_status":"open","ping_status":"open","sticky":false,"template":"","format":"standard","meta":{"footnotes":""},"categories":[1524,2,5643,13,887,12,1517],"tags":[225,6233,3466,38],"_links":{"self":[{"href":"https:\/\/centralmedia.rs\/index.php\/wp-json\/wp\/v2\/posts\/35279"}],"collection":[{"href":"https:\/\/centralmedia.rs\/index.php\/wp-json\/wp\/v2\/posts"}],"about":[{"href":"https:\/\/centralmedia.rs\/index.php\/wp-json\/wp\/v2\/types\/post"}],"author":[{"embeddable":true,"href":"https:\/\/centralmedia.rs\/index.php\/wp-json\/wp\/v2\/users\/2"}],"replies":[{"embeddable":true,"href":"https:\/\/centralmedia.rs\/index.php\/wp-json\/wp\/v2\/comments?post=35279"}],"version-history":[{"count":1,"href":"https:\/\/centralmedia.rs\/index.php\/wp-json\/wp\/v2\/posts\/35279\/revisions"}],"predecessor-version":[{"id":35292,"href":"https:\/\/centralmedia.rs\/index.php\/wp-json\/wp\/v2\/posts\/35279\/revisions\/35292"}],"wp:featuredmedia":[{"embeddable":true,"href":"https:\/\/centralmedia.rs\/index.php\/wp-json\/wp\/v2\/media\/35280"}],"wp:attachment":[{"href":"https:\/\/centralmedia.rs\/index.php\/wp-json\/wp\/v2\/media?parent=35279"}],"wp:term":[{"taxonomy":"category","embeddable":true,"href":"https:\/\/centralmedia.rs\/index.php\/wp-json\/wp\/v2\/categories?post=35279"},{"taxonomy":"post_tag","embeddable":true,"href":"https:\/\/centralmedia.rs\/index.php\/wp-json\/wp\/v2\/tags?post=35279"}],"curies":[{"name":"wp","href":"https:\/\/api.w.org\/{rel}","templated":true}]}}