{"id":35296,"date":"2023-06-13T20:20:07","date_gmt":"2023-06-13T18:20:07","guid":{"rendered":"http:\/\/centralmedia.rs\/?p=35296"},"modified":"2023-06-18T16:26:27","modified_gmt":"2023-06-18T14:26:27","slug":"palma-obisao-sela-stradala-u-poplavi","status":"publish","type":"post","link":"https:\/\/centralmedia.rs\/index.php\/2023\/06\/13\/palma-obisao-sela-stradala-u-poplavi\/","title":{"rendered":"PALMA OBI\u0160AO SELA STRADALA U POPLAVI"},"content":{"rendered":"<p>&nbsp;<\/p>\n<p>JAGODINA- Predsednik Skup\u0161tine grada Jagodina Dragan Markovi\u0107 Palma obi\u0161ao je danas sela Bresje i Drago\u0161evac, koja su najvi\u0161e stradala u ju\u010dera\u0161njoj poplavi, te onima koji su pogo\u0111eni stihijom uru\u010dio hranu i sanitarne pakete, kao i topli obrok za svakog \u010dlana doma\u0107instva. Slede\u0107e nedelje po\u010dnje rekonstrukcija Doma kulture u Drago\u0161evcu, a grad \u0107e pomo\u0107i svima koji su ugro\u017eeni od Le\u0161tara do Drago\u0161evca i Jagodine do Dragocveta, kao i Lani\u0161tu i gradu gde je voda u\u0161la u podrume. Pod vodom su bile ku\u0107e, ekonomski objekti, ba\u0161te i njive. Kako je re\u010deno u razgovoru sa me\u0161tenima, korito reke Lugomir je ranije pro\u0161ireno, ali dogodila se vi\u0161a sila, odnosno palo je 100 litara ki\u0161e po kvadratu u kratkom vremenu i to je nemogu\u0107e odbraniti.<\/p>\n<p>-Preko 12 sela je poplavljeno u ju\u010dera\u0161njem nevremenu, voda se slivala sa brda u Belicu i Lugomir. O\u010dekujemo da dr\u017eava pomogne, jer 15 gardova u Srbiji je pretrpelo \u0161tetu. Komisije su na terenu i najdaje za mesec dana vrednost \u0161tete bi\u0107e ispla\u0107ena, rekao je Markovi\u0107.<\/p>\n<p>Svi koji imaju problem sa hranom i vodom za pi\u0107e mogu da se obrate i istog dana bi\u0107e im dostavljeno. \u00a0\u00a0\u00a0GRA\u0110ANI \u0160TETU MOGU PRIJAVITI NA BROJEVE TELEFONA 244-763 i 244-762 OD 7 \u010cASOVA DO 18 \u010cASOVA, I NA BROJ TELEFONA 8221220.<\/p>\n","protected":false},"excerpt":{"rendered":"<p>&nbsp; JAGODINA- Predsednik Skup\u0161tine grada Jagodina Dragan Markovi\u0107 Palma obi\u0161ao je danas sela Bresje i Drago\u0161evac, koja su najvi\u0161e stradala u ju\u010dera\u0161njoj poplavi, te onima &hellip; <\/p>\n","protected":false},"author":2,"featured_media":35297,"comment_status":"open","ping_status":"open","sticky":false,"template":"","format":"standard","meta":{"footnotes":""},"categories":[1524,20,2,5643,1514,887,12],"tags":[58,120,172,599,909],"_links":{"self":[{"href":"https:\/\/centralmedia.rs\/index.php\/wp-json\/wp\/v2\/posts\/35296"}],"collection":[{"href":"https:\/\/centralmedia.rs\/index.php\/wp-json\/wp\/v2\/posts"}],"about":[{"href":"https:\/\/centralmedia.rs\/index.php\/wp-json\/wp\/v2\/types\/post"}],"author":[{"embeddable":true,"href":"https:\/\/centralmedia.rs\/index.php\/wp-json\/wp\/v2\/users\/2"}],"replies":[{"embeddable":true,"href":"https:\/\/centralmedia.rs\/index.php\/wp-json\/wp\/v2\/comments?post=35296"}],"version-history":[{"count":3,"href":"https:\/\/centralmedia.rs\/index.php\/wp-json\/wp\/v2\/posts\/35296\/revisions"}],"predecessor-version":[{"id":35300,"href":"https:\/\/centralmedia.rs\/index.php\/wp-json\/wp\/v2\/posts\/35296\/revisions\/35300"}],"wp:featuredmedia":[{"embeddable":true,"href":"https:\/\/centralmedia.rs\/index.php\/wp-json\/wp\/v2\/media\/35297"}],"wp:attachment":[{"href":"https:\/\/centralmedia.rs\/index.php\/wp-json\/wp\/v2\/media?parent=35296"}],"wp:term":[{"taxonomy":"category","embeddable":true,"href":"https:\/\/centralmedia.rs\/index.php\/wp-json\/wp\/v2\/categories?post=35296"},{"taxonomy":"post_tag","embeddable":true,"href":"https:\/\/centralmedia.rs\/index.php\/wp-json\/wp\/v2\/tags?post=35296"}],"curies":[{"name":"wp","href":"https:\/\/api.w.org\/{rel}","templated":true}]}}