{"id":35302,"date":"2023-06-14T15:34:42","date_gmt":"2023-06-14T13:34:42","guid":{"rendered":"http:\/\/centralmedia.rs\/?p=35302"},"modified":"2023-06-18T16:26:36","modified_gmt":"2023-06-18T14:26:36","slug":"delegacija-opstine-cajetina-u-poseti-sloveniji","status":"publish","type":"post","link":"https:\/\/centralmedia.rs\/index.php\/2023\/06\/14\/delegacija-opstine-cajetina-u-poseti-sloveniji\/","title":{"rendered":"Delegacija Op\u0161tine \u010cajetina u poseti Sloveniji"},"content":{"rendered":"<p>&nbsp;<\/p>\n<p>Roga\u0161ka Slatina\u2013 Nakon \u0161to je delegacija Op\u0161tine Roga\u0161ka Slatina pro\u0161log avgusta bila po\u010dasni gost Festivala sportskog filma na Zlatiboru, op\u0161tina \u010cajetina mi se sada nalazi u uzvratnoj poseti toj slovena\u010dkoj op\u0161tini i festivalu sportskog filma koji oni organizuju. Poklopilo se da upravo danas u Roga\u0161koj Slatini startuje me\u0111unarodna biciklisti\u010dka \u201eTrka kroz Sloveniju\u201c i dobili smo informaciju da \u0107e u ekipi Bahrein biti i Du\u0161an Rajovi\u0107, reprezentativac Srbije i trenutno na\u0161 najbolji biciklista. To je jo\u0161 jedna sportska manifestacija koja nas povezuje, jer se jedna od etapa biciklisti\u010dke \u201eTrke kroz Srbiju\u201c odvija na Zlatiboru. Turizam i sport su dve stvari na koje na\u0161e dve bratske op\u0161tine pola\u017eu veliku pa\u017enju i zbog toga je i logi\u010dno \u0161to se na\u0161a saradnja sve vi\u0161e pro\u0161iruje \u2013 izjavio je predsednik Op\u0161tine \u010cajetina Milan Stamatovi\u0107, koji sa najbli\u017eim saradnicima boravi u trodnevnoj poseti Sloveniji.<\/p>\n<div id='gallery-1' class='gallery galleryid-35302 gallery-columns-3 gallery-size-thumbnail'><figure class='gallery-item'>\n\t\t\t<div class='gallery-icon portrait'>\n\t\t\t\t<a href='https:\/\/centralmedia.rs\/index.php\/2023\/06\/14\/delegacija-opstine-cajetina-u-poseti-sloveniji\/milan-stamatovic-i-branko-kidric\/'><img loading=\"lazy\" decoding=\"async\" width=\"150\" height=\"150\" src=\"https:\/\/centralmedia.rs\/wp-content\/uploads\/2023\/06\/Milan-Stamatovi\u0107-i-Branko-Kidri\u010d-150x150.jpg\" class=\"attachment-thumbnail size-thumbnail\" alt=\"\" \/><\/a>\n\t\t\t<\/div><\/figure><figure class='gallery-item'>\n\t\t\t<div class='gallery-icon portrait'>\n\t\t\t\t<a href='https:\/\/centralmedia.rs\/index.php\/2023\/06\/14\/delegacija-opstine-cajetina-u-poseti-sloveniji\/radionica-za-izradu-i-restauraciju-orgulja-skarbl\/'><img loading=\"lazy\" decoding=\"async\" width=\"150\" height=\"150\" src=\"https:\/\/centralmedia.rs\/wp-content\/uploads\/2023\/06\/Radionica-za-izradu-i-restauraciju-orgulja-\u0160karbl-150x150.jpg\" class=\"attachment-thumbnail size-thumbnail\" alt=\"\" \/><\/a>\n\t\t\t<\/div><\/figure><figure class='gallery-item'>\n\t\t\t<div class='gallery-icon portrait'>\n\t\t\t\t<a href='https:\/\/centralmedia.rs\/index.php\/2023\/06\/14\/delegacija-opstine-cajetina-u-poseti-sloveniji\/turisticki-panoramski-toranj-u-rogaskoj-slatini\/'><img loading=\"lazy\" decoding=\"async\" width=\"150\" height=\"150\" src=\"https:\/\/centralmedia.rs\/wp-content\/uploads\/2023\/06\/Turisti\u010dki-panoramski-toranj-u-Roga\u0161koj-Slatini-150x150.jpg\" class=\"attachment-thumbnail size-thumbnail\" alt=\"\" \/><\/a>\n\t\t\t<\/div><\/figure>\n\t\t<\/div>\n\n<p>\u017dupan Roga\u0161ke Slatine Branko Kidri\u010d je delegaciju Op\u0161tine \u010cajetina upoznao sa znamenitostima ovog mesta sa statusom banje sa kontinuiranom tradicijom od 1803. godine, a Zlatibor ove godine proslavlja 130 godina organizovanog bavljenja turizmom na ovoj danas najpose\u0107enijoj planini Srbije. \u201eU toku je izgradnja turisti\u010dkog panoramskog tornja visine 106 metara kao i velikog broja biciklisti\u010dkih staza \u010dime \u0107emo premre\u017eiti kompletnu teritoriju op\u0161tine\u201c, naglasio je Kidri\u010d.<\/p>\n<p>Tokom posete Roga\u0161koj Slatini delegacija Op\u0161tine \u010cajetina \u0107e posetiti fabriku najkvalitetnijeg kristalnog stakla \u201eRoga\u0161ka\u201c, kozmeti\u010dku ku\u0107u \u201eAfrodita\u201c, radionicu za izradu orgulja \u0160karbl, kao i Muzej Anin dvor u kome se nalazi sjajna kolekcija posve\u0107ena dinastiji Kara\u0111or\u0111evi\u0107, projekat koji je tokom svog mandata \u017eupan Kidri\u010d realizovao sa svojim saradnicima. Delegacije dve op\u0161tine su dogovorile produbljivanje saradnje prvenstveno u oblasti turizma, ali i u privrednom, sportskom i kulturnom smislu.<\/p>\n","protected":false},"excerpt":{"rendered":"<p>&nbsp; Roga\u0161ka Slatina\u2013 Nakon \u0161to je delegacija Op\u0161tine Roga\u0161ka Slatina pro\u0161log avgusta bila po\u010dasni gost Festivala sportskog filma na Zlatiboru, op\u0161tina \u010cajetina mi se sada &hellip; <\/p>\n","protected":false},"author":2,"featured_media":35303,"comment_status":"open","ping_status":"open","sticky":false,"template":"","format":"standard","meta":{"footnotes":""},"categories":[2875,1524,2,5643,13,887,12],"tags":[2762,6039],"_links":{"self":[{"href":"https:\/\/centralmedia.rs\/index.php\/wp-json\/wp\/v2\/posts\/35302"}],"collection":[{"href":"https:\/\/centralmedia.rs\/index.php\/wp-json\/wp\/v2\/posts"}],"about":[{"href":"https:\/\/centralmedia.rs\/index.php\/wp-json\/wp\/v2\/types\/post"}],"author":[{"embeddable":true,"href":"https:\/\/centralmedia.rs\/index.php\/wp-json\/wp\/v2\/users\/2"}],"replies":[{"embeddable":true,"href":"https:\/\/centralmedia.rs\/index.php\/wp-json\/wp\/v2\/comments?post=35302"}],"version-history":[{"count":1,"href":"https:\/\/centralmedia.rs\/index.php\/wp-json\/wp\/v2\/posts\/35302\/revisions"}],"predecessor-version":[{"id":35307,"href":"https:\/\/centralmedia.rs\/index.php\/wp-json\/wp\/v2\/posts\/35302\/revisions\/35307"}],"wp:featuredmedia":[{"embeddable":true,"href":"https:\/\/centralmedia.rs\/index.php\/wp-json\/wp\/v2\/media\/35303"}],"wp:attachment":[{"href":"https:\/\/centralmedia.rs\/index.php\/wp-json\/wp\/v2\/media?parent=35302"}],"wp:term":[{"taxonomy":"category","embeddable":true,"href":"https:\/\/centralmedia.rs\/index.php\/wp-json\/wp\/v2\/categories?post=35302"},{"taxonomy":"post_tag","embeddable":true,"href":"https:\/\/centralmedia.rs\/index.php\/wp-json\/wp\/v2\/tags?post=35302"}],"curies":[{"name":"wp","href":"https:\/\/api.w.org\/{rel}","templated":true}]}}