{"id":35308,"date":"2023-06-14T15:59:54","date_gmt":"2023-06-14T13:59:54","guid":{"rendered":"http:\/\/centralmedia.rs\/?p=35308"},"modified":"2023-06-18T16:26:50","modified_gmt":"2023-06-18T14:26:50","slug":"direktor-jp-srbijavode-pripremamo-za-naredni-poplavni-talas","status":"publish","type":"post","link":"https:\/\/centralmedia.rs\/index.php\/2023\/06\/14\/direktor-jp-srbijavode-pripremamo-za-naredni-poplavni-talas\/","title":{"rendered":"Direktor JP &#8220;Srbijavode&#8221;: Pripremamo za naredni poplavni talas"},"content":{"rendered":"<p>&nbsp;<\/p>\n<p>Direktor Javnog preduze\u0107a &#8220;Srbijavode&#8221; Goran Puzovi\u0107 izjavio je da na terenu dolazi do smirivanja situacije sa poplavama koje su pogodile pojedine delove Srbije, ali da se pripremaju i za naredni poplavni talas.<\/p>\n<p>&#8220;U svim op\u0161tinama koje su bile ugro\u017eene, od \u0106uprije, Para\u0107ina, Jagodine, \u0106i\u0107evca, Kraljeva, Trstenika, Vrnja\u010dke Banje, do\u0161lo je do smirivanja i situacija je mnogo bolja&#8221;, rekao je Puzovi\u0107.<\/p>\n<p>Kazao je da su ekipe &#8220;Srbijavoda&#8221; na terenu i sprovode kratkoro\u010dne mere koje \u0107e, u slu\u010daju novog poplavnog talasa, omogu\u0107iti da se ugro\u017eena mesta dr\u017ee pod kontrolom.<\/p>\n<p>Puzovi\u0107 je naveo da trenutno rade na omogu\u0107avanju da kroz kanalizacije, male reke i potoke, pro\u0111e voda koja se najavljuje u novom talasu padavina.<\/p>\n<p>Naveo je da najavljene padavine mogu da stignu i ranije, kao i da \u0107e najvi\u0161e pogoditi zapad zemlje, jugozapad, istok i jugoistok, zbog \u010dega \u0107e &#8220;Srbijavode&#8221; danas izdati novo saop\u0161tenje i upozorene i dati uputstvo koje \u0107e se sprovoditi na teritoriji cele Srbije.<\/p>\n<p>Dodao je da na velikim rekama, poput Save, Dunava, Drine, Lima i Morave nema problema, ve\u0107 da se sve de\u0161ava na malim vodotokovima.<\/p>\n","protected":false},"excerpt":{"rendered":"<p>&nbsp; Direktor Javnog preduze\u0107a &#8220;Srbijavode&#8221; Goran Puzovi\u0107 izjavio je da na terenu dolazi do smirivanja situacije sa poplavama koje su pogodile pojedine delove Srbije, ali &hellip; <\/p>\n","protected":false},"author":2,"featured_media":35265,"comment_status":"open","ping_status":"open","sticky":false,"template":"","format":"standard","meta":{"footnotes":""},"categories":[2,16,12],"tags":[1160,612,6234],"_links":{"self":[{"href":"https:\/\/centralmedia.rs\/index.php\/wp-json\/wp\/v2\/posts\/35308"}],"collection":[{"href":"https:\/\/centralmedia.rs\/index.php\/wp-json\/wp\/v2\/posts"}],"about":[{"href":"https:\/\/centralmedia.rs\/index.php\/wp-json\/wp\/v2\/types\/post"}],"author":[{"embeddable":true,"href":"https:\/\/centralmedia.rs\/index.php\/wp-json\/wp\/v2\/users\/2"}],"replies":[{"embeddable":true,"href":"https:\/\/centralmedia.rs\/index.php\/wp-json\/wp\/v2\/comments?post=35308"}],"version-history":[{"count":1,"href":"https:\/\/centralmedia.rs\/index.php\/wp-json\/wp\/v2\/posts\/35308\/revisions"}],"predecessor-version":[{"id":35309,"href":"https:\/\/centralmedia.rs\/index.php\/wp-json\/wp\/v2\/posts\/35308\/revisions\/35309"}],"wp:featuredmedia":[{"embeddable":true,"href":"https:\/\/centralmedia.rs\/index.php\/wp-json\/wp\/v2\/media\/35265"}],"wp:attachment":[{"href":"https:\/\/centralmedia.rs\/index.php\/wp-json\/wp\/v2\/media?parent=35308"}],"wp:term":[{"taxonomy":"category","embeddable":true,"href":"https:\/\/centralmedia.rs\/index.php\/wp-json\/wp\/v2\/categories?post=35308"},{"taxonomy":"post_tag","embeddable":true,"href":"https:\/\/centralmedia.rs\/index.php\/wp-json\/wp\/v2\/tags?post=35308"}],"curies":[{"name":"wp","href":"https:\/\/api.w.org\/{rel}","templated":true}]}}