{"id":35310,"date":"2023-06-14T16:02:09","date_gmt":"2023-06-14T14:02:09","guid":{"rendered":"http:\/\/centralmedia.rs\/?p=35310"},"modified":"2023-06-18T16:26:58","modified_gmt":"2023-06-18T14:26:58","slug":"od-cetvrtka-ponovo-obilne-padavine-major-milenkovic-mup-srbija","status":"publish","type":"post","link":"https:\/\/centralmedia.rs\/index.php\/2023\/06\/14\/od-cetvrtka-ponovo-obilne-padavine-major-milenkovic-mup-srbija\/","title":{"rendered":"&#8221; OD \u010cETVRTKA PONOVO OBILNE PADAVINE&#8221; &#8211; Major Milenkovi\u0107 MUP Srbija"},"content":{"rendered":"<p>&nbsp;<\/p>\n<p>Pripadnici Ministarstva unutra\u0161njih poslova iz Sektora za vanredne situacije su u ponedeljak zbog poplava izazvanih obilnim padavinama, na teritoriji Kru\u0161evca, \u010ca\u010dka i Jagodine evakuisali su ukupno 19 osoba.<\/p>\n<p>Milo\u0161 Milenkovi\u0107 major policije rekao je da od utorka pripadnici Sektora za vanredne situacije u koordinaciji sa nadle\u017enim slu\u017ebama na lokalu, nastavljaju sa otklanjanjem posledica ekstremnih vremenskih pojava.<\/p>\n<p>&#8211; To su tehni\u010dke intervencije, odnosno crpljenje vode iz prostorija doma\u0107instava, gde je voda u\u0161la unutar doma\u0107instava. Kriti\u010dna situacija je u nekoliko lokalnih samouprava pomoravskog okruga, grad Jagodina, op\u0161tine \u0106uprija, Despotovac, Rekovac, gde smo imali preko 58 intervencija, crpljenja vode u toku ju\u010dera\u0161njeg dana, ka\u017ee Milenkovi\u0107.<\/p>\n<p>&#8211; Na\u0161i pripadnici intenzivno rade na obilasku kriti\u010dnih ta\u010daka, kako bi pravovremeno reagovali i podigli kapacitete koji su neophodni. Isto\u010dni i jugoisto\u010dni deo Srbije tako\u0111e je kriti\u010dan, ali opet ne zaboravljamo ni ostatak zemlje, jer imamo najavu Hidrometeorolo\u0161kog zavoda Srbije, da \u0107e od \u010detvrtka ponovo do\u0107i do intenziviranja padavina, tako da smo mi u stalnoj pripravnosti, napominje on.<\/p>\n","protected":false},"excerpt":{"rendered":"<p>&nbsp; Pripadnici Ministarstva unutra\u0161njih poslova iz Sektora za vanredne situacije su u ponedeljak zbog poplava izazvanih obilnim padavinama, na teritoriji Kru\u0161evca, \u010ca\u010dka i Jagodine evakuisali &hellip; <\/p>\n","protected":false},"author":2,"featured_media":35255,"comment_status":"open","ping_status":"open","sticky":false,"template":"","format":"standard","meta":{"footnotes":""},"categories":[2,16,12],"tags":[1160,612,1112],"_links":{"self":[{"href":"https:\/\/centralmedia.rs\/index.php\/wp-json\/wp\/v2\/posts\/35310"}],"collection":[{"href":"https:\/\/centralmedia.rs\/index.php\/wp-json\/wp\/v2\/posts"}],"about":[{"href":"https:\/\/centralmedia.rs\/index.php\/wp-json\/wp\/v2\/types\/post"}],"author":[{"embeddable":true,"href":"https:\/\/centralmedia.rs\/index.php\/wp-json\/wp\/v2\/users\/2"}],"replies":[{"embeddable":true,"href":"https:\/\/centralmedia.rs\/index.php\/wp-json\/wp\/v2\/comments?post=35310"}],"version-history":[{"count":1,"href":"https:\/\/centralmedia.rs\/index.php\/wp-json\/wp\/v2\/posts\/35310\/revisions"}],"predecessor-version":[{"id":35311,"href":"https:\/\/centralmedia.rs\/index.php\/wp-json\/wp\/v2\/posts\/35310\/revisions\/35311"}],"wp:featuredmedia":[{"embeddable":true,"href":"https:\/\/centralmedia.rs\/index.php\/wp-json\/wp\/v2\/media\/35255"}],"wp:attachment":[{"href":"https:\/\/centralmedia.rs\/index.php\/wp-json\/wp\/v2\/media?parent=35310"}],"wp:term":[{"taxonomy":"category","embeddable":true,"href":"https:\/\/centralmedia.rs\/index.php\/wp-json\/wp\/v2\/categories?post=35310"},{"taxonomy":"post_tag","embeddable":true,"href":"https:\/\/centralmedia.rs\/index.php\/wp-json\/wp\/v2\/tags?post=35310"}],"curies":[{"name":"wp","href":"https:\/\/api.w.org\/{rel}","templated":true}]}}