{"id":35312,"date":"2023-06-15T18:33:19","date_gmt":"2023-06-15T16:33:19","guid":{"rendered":"http:\/\/centralmedia.rs\/?p=35312"},"modified":"2023-06-18T16:27:06","modified_gmt":"2023-06-18T14:27:06","slug":"palma-cestitke-bratislavu-gasicu-i-srpskoj-policiji-na-hapsenju-albanskih-terorista","status":"publish","type":"post","link":"https:\/\/centralmedia.rs\/index.php\/2023\/06\/15\/palma-cestitke-bratislavu-gasicu-i-srpskoj-policiji-na-hapsenju-albanskih-terorista\/","title":{"rendered":"PALMA : \u010cESTITKE BRATISLAVU GA\u0160I\u0106U I SRPSKOJ POLICIJI NA HAP\u0160ENJU ALBANSKIH TERORISTA"},"content":{"rendered":"<p>\u201eKa\u017eu neki iz opozicije, dok je govorila premijerka Ana Brnabi\u0107 o Kosovu i Metohiji da \u201eto nije tema\u201c ove sednice. To jeste tema i ovde ne treba da govorimo o smeni ministra unutra\u0161njih poslova Bratislava Ga\u0161i\u0107a, ve\u0107 da \u010destitamo Bratislavu Ga\u0161i\u0107u i srpskoj policiji na hap\u0161enju trojice albanskih terorista na teritoriji centralne Srbije sa dugim cevima. To nisu teroristi, to su kamikaze\u201c, rekao je predsednik i \u0161ef poslani\u010dke grupe Jedinstvene Srbije Dragan Markovi\u0107 Palma tokom rarsprave u Skup\u0161tini Srbije. \u201eMo\u017eda Ga\u0161i\u0107u mo\u017eemo da zamerimo \u0161to nije reagovao kada je blokiran me\u0111unarodni autoput u Beogradu, ali i ne treba da se reaguje prema obi\u010dnim ljudima koji su zavedeni nekim, takozvanim programima odre\u0111enih opozicionih grupacija. Ko je kriv za stra\u0161ne tragedije u osnovnoj \u0161koli u Beogradu i selima oko Mladenovca ? Krivi su roditelji i onog maloletnika u Beogradu i one bitange iz Dubone kod Mladenovca. \u0160ta je trebalo da Bratislav Ga\u0161i\u0107 ulazi u ku\u0107e sa policijom i da vide da li svako ko ima oru\u017eje ima i sef pod \u0161ifrom gde dr\u017ei oru\u017eje ? Da je to ra\u0111eno onda bi opozicija rekla \u201emi nismo slobodna dr\u017eava\u201c. Da li mo\u017ee u Francuskoj, Nema\u010dkoj ili Italiji da se blokiraju ulice i auto putevi, da se vre\u0111a predsednik dr\u017eave, a da ne reaguje policija. Moj predlog je da Bratislav Ga\u0161i\u0107 sa svojim timom nastavi da radi kao i do sada, a opoziciji predla\u017eem da se svi ujedinimo oko najva\u017enijeg pitanja, a to je Kosovo i Metohija. Problem Kosova i Metohije nije teritorijalno vezan samo za taj deo Srbije, ve\u0107 je to problem i u Beogradu, Novom Sadu, Ni\u0161u, Jagodini. Da li je za sve nas ne\u0161to sveto u \u017eivotu ? Ovo \u0161to opozicija radi u Skup\u0161tini Srbije, njihov cilj nije Bratislav Ga\u0161i\u0107, nego Aleksandar Vu\u010di\u0107, ali njemu ne mogu ni\u0161ta jer ima dela i za to ima podr\u0161ku i Jedinstvene Srbije i SPS\u201c, rekao je Dragan Markovi\u0107 Palma.<\/p>\n","protected":false},"excerpt":{"rendered":"<p>\u201eKa\u017eu neki iz opozicije, dok je govorila premijerka Ana Brnabi\u0107 o Kosovu i Metohiji da \u201eto nije tema\u201c ove sednice. To jeste tema i ovde &hellip; <\/p>\n","protected":false},"author":2,"featured_media":35313,"comment_status":"open","ping_status":"open","sticky":false,"template":"","format":"standard","meta":{"footnotes":""},"categories":[1524,2,1514,5643,13,887,12],"tags":[701,120,1293],"_links":{"self":[{"href":"https:\/\/centralmedia.rs\/index.php\/wp-json\/wp\/v2\/posts\/35312"}],"collection":[{"href":"https:\/\/centralmedia.rs\/index.php\/wp-json\/wp\/v2\/posts"}],"about":[{"href":"https:\/\/centralmedia.rs\/index.php\/wp-json\/wp\/v2\/types\/post"}],"author":[{"embeddable":true,"href":"https:\/\/centralmedia.rs\/index.php\/wp-json\/wp\/v2\/users\/2"}],"replies":[{"embeddable":true,"href":"https:\/\/centralmedia.rs\/index.php\/wp-json\/wp\/v2\/comments?post=35312"}],"version-history":[{"count":1,"href":"https:\/\/centralmedia.rs\/index.php\/wp-json\/wp\/v2\/posts\/35312\/revisions"}],"predecessor-version":[{"id":35314,"href":"https:\/\/centralmedia.rs\/index.php\/wp-json\/wp\/v2\/posts\/35312\/revisions\/35314"}],"wp:featuredmedia":[{"embeddable":true,"href":"https:\/\/centralmedia.rs\/index.php\/wp-json\/wp\/v2\/media\/35313"}],"wp:attachment":[{"href":"https:\/\/centralmedia.rs\/index.php\/wp-json\/wp\/v2\/media?parent=35312"}],"wp:term":[{"taxonomy":"category","embeddable":true,"href":"https:\/\/centralmedia.rs\/index.php\/wp-json\/wp\/v2\/categories?post=35312"},{"taxonomy":"post_tag","embeddable":true,"href":"https:\/\/centralmedia.rs\/index.php\/wp-json\/wp\/v2\/tags?post=35312"}],"curies":[{"name":"wp","href":"https:\/\/api.w.org\/{rel}","templated":true}]}}