{"id":35315,"date":"2023-06-15T18:41:54","date_gmt":"2023-06-15T16:41:54","guid":{"rendered":"http:\/\/centralmedia.rs\/?p=35315"},"modified":"2023-06-18T16:27:16","modified_gmt":"2023-06-18T14:27:16","slug":"potpisivanje-ugovora-o-radu-sa-ucenicima-koji-su-zavrsili-skolovanje-po-dualnom-modelu","status":"publish","type":"post","link":"https:\/\/centralmedia.rs\/index.php\/2023\/06\/15\/potpisivanje-ugovora-o-radu-sa-ucenicima-koji-su-zavrsili-skolovanje-po-dualnom-modelu\/","title":{"rendered":"POTPISIVANjE UGOVORA O RADU SA U\u010cENICIMA KOJI SU ZAVR\u0160ILI \u0160KOLOVANjE PO DUALNOM MODELU"},"content":{"rendered":"<p>SVILAJNAC-Devetorica u\u010denika, koji su pre neki dan zavr\u0161ili \u0161kolovanje po dualnom sistemu potpisali su danas svoje prve ugovore o radu sa kompanijama u kojima su tokom \u0161kolovanja obavljali praksu.<\/p>\n<p>Potpisivanju je prisustvovao i predsednik op\u0161tine Svilajnac Predrag Milanovi\u0107, koji je rekao da je ovim danas zaokru\u017een i krunisan proces koji op\u0161tina vi\u0161e od decenije sprovodi:<\/p>\n<p>\u201ePrvo smo stvorili industrijske zone, doveli investitore, otvorili radna mesta, uveli sistem dualnog obrazovanja u Srednju \u0161kolu Svilajnac, a sve sa ciljem da deci i njihovim roditeljima ponudimo mogu\u0107nost da se odmah nakon \u0161kole zaposle, rade i ostanu u svom gradu. Zahvaljujem i roditeljima ove divne dece koji su prepoznali zna\u010daj, deci koja su vredna, \u0161koli koja je od po\u010detka sa nama u ovom procesu koji nije lak, kompanijama koje su ulo\u017eile sredstva u obuku i mentorstvo ovoj deci i dale im \u0161ansu da se zaposle. Sa jedne strane kompanije na ovaj na\u010din dobijaju kvalitetne i obu\u010dene radnike, a sa druge strane porodice ostaju na okupu u svom gradu.\u201c \u2013 izjavio je Milanovi\u0107.<\/p>\n<p>Ugovore su sa u\u010denicima potpisali direktor kompanije Alfa Tehniks koja je zaposlila svih \u0161est bravara-zavariva\u010da koji su tu obavljali praksu, i generalni menad\u017eer kompanije Vosloh-\u0160vabe koja je zaposlila tri industrijska mehani\u010dara, dok petorica u\u010denika nastavlja \u0161kolovanje i nakon zavr\u0161etka 4 godine \u0161kolovanja o\u010dekuje ih ugovor o radu u ovoj kompaniji.<\/p>\n<p>Biv\u0161i u\u010denici, a sada radnici ovih kompanija isti\u010du da su zadovoljni uslovima rada, kolegama i da planiraju da ostanu u Svilajncu i tu osnuju porodice.<\/p>\n<p>Ina\u010de, dualno obrazovanje u srednjim \u0161kolama je obrazovni model u kome se proces nastave i u\u010denja obavezno sprovodi na dva mesta, u \u0161koli i u kompaniji, kod poslodavca. Na taj na\u010din u\u010denici sti\u010du znanja, sposobnosti, ve\u0161tine i stavove, kroz teorijsku nastavu i ve\u017ebe u \u0161koli,\u00a0 kao i kroz u\u010denje kroz prakti\u010dan rad u kompaniji.<\/p>\n<p>Srednja \u0161kola \u201eSvilajnac\u201c ve\u0107 6 godina sa uspehom primenjuje sistem dualnog obrazovanja u saradnji sa mnogim kompanijama sa teritorije na\u0161e op\u0161tine iz oblasti ma\u0161instva i elektrotehnike.<\/p>\n","protected":false},"excerpt":{"rendered":"<p>SVILAJNAC-Devetorica u\u010denika, koji su pre neki dan zavr\u0161ili \u0161kolovanje po dualnom sistemu potpisali su danas svoje prve ugovore o radu sa kompanijama u kojima su &hellip; <\/p>\n","protected":false},"author":2,"featured_media":35316,"comment_status":"open","ping_status":"open","sticky":false,"template":"","format":"standard","meta":{"footnotes":""},"categories":[22,1524,2,887,12,1517,5785],"tags":[38,196,1036],"_links":{"self":[{"href":"https:\/\/centralmedia.rs\/index.php\/wp-json\/wp\/v2\/posts\/35315"}],"collection":[{"href":"https:\/\/centralmedia.rs\/index.php\/wp-json\/wp\/v2\/posts"}],"about":[{"href":"https:\/\/centralmedia.rs\/index.php\/wp-json\/wp\/v2\/types\/post"}],"author":[{"embeddable":true,"href":"https:\/\/centralmedia.rs\/index.php\/wp-json\/wp\/v2\/users\/2"}],"replies":[{"embeddable":true,"href":"https:\/\/centralmedia.rs\/index.php\/wp-json\/wp\/v2\/comments?post=35315"}],"version-history":[{"count":1,"href":"https:\/\/centralmedia.rs\/index.php\/wp-json\/wp\/v2\/posts\/35315\/revisions"}],"predecessor-version":[{"id":35317,"href":"https:\/\/centralmedia.rs\/index.php\/wp-json\/wp\/v2\/posts\/35315\/revisions\/35317"}],"wp:featuredmedia":[{"embeddable":true,"href":"https:\/\/centralmedia.rs\/index.php\/wp-json\/wp\/v2\/media\/35316"}],"wp:attachment":[{"href":"https:\/\/centralmedia.rs\/index.php\/wp-json\/wp\/v2\/media?parent=35315"}],"wp:term":[{"taxonomy":"category","embeddable":true,"href":"https:\/\/centralmedia.rs\/index.php\/wp-json\/wp\/v2\/categories?post=35315"},{"taxonomy":"post_tag","embeddable":true,"href":"https:\/\/centralmedia.rs\/index.php\/wp-json\/wp\/v2\/tags?post=35315"}],"curies":[{"name":"wp","href":"https:\/\/api.w.org\/{rel}","templated":true}]}}