{"id":35318,"date":"2023-06-15T18:44:16","date_gmt":"2023-06-15T16:44:16","guid":{"rendered":"http:\/\/centralmedia.rs\/?p=35318"},"modified":"2023-06-18T16:27:35","modified_gmt":"2023-06-18T14:27:35","slug":"odrzana-dvadeseta-sednica-skupstine-opstine-svilajnac","status":"publish","type":"post","link":"https:\/\/centralmedia.rs\/index.php\/2023\/06\/15\/odrzana-dvadeseta-sednica-skupstine-opstine-svilajnac\/","title":{"rendered":"ODR\u017dANA DVADESETA SEDNICA SKUP\u0160TINE OP\u0160TINE SVILAJNAC"},"content":{"rendered":"<p>SVILAJNAC- Dvadeseta redovna sednica SO Svilajnac odr\u017eana je ju\u010de uz prisustvo 34 odbornika.<\/p>\n<p>Na dnevnom redu na\u0161lo se 19 ta\u010daka dnevnog reda.<\/p>\n<p>Na pro\u0161loj sednici ostavke na mesto odbornika Skup\u0161tine op\u0161tine Svilajnac podneli su \u0110ur\u0111ija Brzanovi\u0107 sa liste \u201ePredrag Milanovi\u0107-Svilajnac \u010duva budu\u0107nost\u201c , Branislav Marinkovi\u0107 i Slobodan \u0110or\u0111evi\u0107 sa liste \u201eAleksandar Vu\u010di\u0107-za na\u0161u decu\u201c, pa su na ovoj sednici za nove odbornike imenovani Mariana Vasi\u0107 sa liste \u201ePredrag Milanovi\u0107-Svilajnac \u010duva budu\u0107nost\u201c, Jovana Hlaupek i Irena Milo\u0161evi\u0107 sa liste \u201eAleksandar Vu\u010di\u0107-za na\u0161u decu\u201c.<\/p>\n<p>Usvojeni su Izve\u0161taji o poslovanju KJP \u201eMorava\u201c Svilajnac i JP Sportsko-turisti\u010dki centar \u201eSvilajnac\u201c.<\/p>\n<p>Usvojena je i Odluka kojom su opredeljena dodatna sredstva sa subvencionisanje nabavke bicikli kao ekolo\u0161ki prihvatljivog transporta, i to jo\u0161 400.000 dinara za 50 bicikli.<\/p>\n<p>Usvojeno je i Re\u0161enje o prestanku du\u017enosti direktora Resavske biblioteke, a\u00a0 za vr\u0161ioca du\u017enosti direktora Resavske biblioteke Svilajnac izabrana je Vesna Miladinovi\u0107, dok je za direktora JP Sportsko-turisti\u010dki centar \u201eSvilajnac\u201c izabran Dragoljub Vu\u010dkovi\u0107.<\/p>\n<p>Predsednik op\u0161tine Svilajnac Predrag Milanovi\u0107 jo\u0161 jednom je podsetio na najva\u017enije projekte u gradu i selima koji su ura\u0111eni i planirani, istakav\u0161i da \u0107e ovo biti godina najva\u017enijih i najve\u0107ih projekata u infrastrukturi.<\/p>\n","protected":false},"excerpt":{"rendered":"<p>SVILAJNAC- Dvadeseta redovna sednica SO Svilajnac odr\u017eana je ju\u010de uz prisustvo 34 odbornika. Na dnevnom redu na\u0161lo se 19 ta\u010daka dnevnog reda. Na pro\u0161loj sednici &hellip; <\/p>\n","protected":false},"author":2,"featured_media":35319,"comment_status":"open","ping_status":"open","sticky":false,"template":"","format":"standard","meta":{"footnotes":""},"categories":[1524,2,13,887,12,5785,1517],"tags":[1293,38],"_links":{"self":[{"href":"https:\/\/centralmedia.rs\/index.php\/wp-json\/wp\/v2\/posts\/35318"}],"collection":[{"href":"https:\/\/centralmedia.rs\/index.php\/wp-json\/wp\/v2\/posts"}],"about":[{"href":"https:\/\/centralmedia.rs\/index.php\/wp-json\/wp\/v2\/types\/post"}],"author":[{"embeddable":true,"href":"https:\/\/centralmedia.rs\/index.php\/wp-json\/wp\/v2\/users\/2"}],"replies":[{"embeddable":true,"href":"https:\/\/centralmedia.rs\/index.php\/wp-json\/wp\/v2\/comments?post=35318"}],"version-history":[{"count":1,"href":"https:\/\/centralmedia.rs\/index.php\/wp-json\/wp\/v2\/posts\/35318\/revisions"}],"predecessor-version":[{"id":35320,"href":"https:\/\/centralmedia.rs\/index.php\/wp-json\/wp\/v2\/posts\/35318\/revisions\/35320"}],"wp:featuredmedia":[{"embeddable":true,"href":"https:\/\/centralmedia.rs\/index.php\/wp-json\/wp\/v2\/media\/35319"}],"wp:attachment":[{"href":"https:\/\/centralmedia.rs\/index.php\/wp-json\/wp\/v2\/media?parent=35318"}],"wp:term":[{"taxonomy":"category","embeddable":true,"href":"https:\/\/centralmedia.rs\/index.php\/wp-json\/wp\/v2\/categories?post=35318"},{"taxonomy":"post_tag","embeddable":true,"href":"https:\/\/centralmedia.rs\/index.php\/wp-json\/wp\/v2\/tags?post=35318"}],"curies":[{"name":"wp","href":"https:\/\/api.w.org\/{rel}","templated":true}]}}