{"id":35324,"date":"2023-06-15T18:51:56","date_gmt":"2023-06-15T16:51:56","guid":{"rendered":"http:\/\/centralmedia.rs\/?p=35324"},"modified":"2023-06-30T21:23:17","modified_gmt":"2023-06-30T19:23:17","slug":"klub-novinara-pomoravlja-nezabelezen-napad-demokrata-na-novinare-i-medije","status":"publish","type":"post","link":"https:\/\/centralmedia.rs\/index.php\/2023\/06\/15\/klub-novinara-pomoravlja-nezabelezen-napad-demokrata-na-novinare-i-medije\/","title":{"rendered":"KLUB NOVINARA POMORAVLJA &#8211; NEZABELE\u017dEN NAPAD DEMOKRATA NA NOVINARE I MEDIJE"},"content":{"rendered":"<p>Klub novinara Pomoravlja najo\u0161trije osu\u0111uje saop\u0161tenje Gradskog odbora DS Jagodina\u00a0 i do sada nezabele\u017een u istoriji srpskog novinarstva napad na\u00a0 lokalne portale Infocentrala i Central media, kao i njihove urednike Anitu \u0110uki\u0107 i Gorana Jevremovi\u0107a. Govor neistina i pretnji, nabijen emocijama\u00a0 mr\u017enje \u00a0i svakog zla ne bi trebalo da bude primer kako komuniciraju politi\u010dari sa medijima. Ovaj napad DS Jagodina na medijske portale predstavlja pravi primer ugro\u017eavanje bezbednosti novinara, jer im crta mete za dalje napade. Na gra\u0111ane se prenosi netrpeljivost prema novinarima i medijima, \u0161to mo\u017ee dovesti i do fizi\u010dkog napada.<\/p>\n<p>KNP smatra nedopustivim saop\u0161tenje gradskog odbora Demokratske stranke u Jagodini u kome se lokalni portali Infocentrala i Central media, kao i njihovi urednici Anita \u0110uki\u0107 i Goran Jevremovi\u0107 targetiraraju i etiketiraju zbog objavljivanja saop\u0161tenja Kluba novinara Pomoravlja, kao mediji koji \u0161ire ,,la\u017ene i neistinite informacije\u201d, .<\/p>\n<p>U svom saop\u0161tenju DS la\u017ee i izmi\u0161lja da\u00a0 su ta dva portala izmislila i prenela neta\u010dnu informaciju o ,,navodom\u201d ragovanju KNP. Ta\u010dno je da je KNP objavila saop\u0161tenje te sadr\u017eine koje su prenela ta dva portala ali mnogi drugi mediji. Targetiranje medija i novinara koji nisu po merilima DS je vid nasilja protiv koga se navodno bori ta stranka. O upotrebi jezika ulice u komunikaciji sa medijima politi\u010dari DS trebalo bi da se ogra\u0111uju, a ne da ga primenjuju u naj\u0161iroj mogu\u0107oj paleti.<\/p>\n<p>U Srbiji je ka\u017enjiv govor mr\u017enje i to po vi\u0161e zakona. Klub novinara Pomoravlja poziva Demokratsku stranku da odmah osudi i povu\u010de saop\u0161tenje Gradskog odbora DS Jagodina, kao i da na sve na\u010dine ubudu\u0107e spe\u010di ovakav vidi verbalnih napada i crtanja meta medijima i pojedincima. Upu\u0107en je poziv policiji i tu\u017eila\u0161tvu da sankcioni\u0161u po\u010dionioce krivi\u010dnih dela iz domena ove vrstu pona\u0161anja i govora mr\u017enje. Bi\u0107e private podnete tu\u017ebe protiv politi\u010dara DS koji napadaju novinare i medije.<\/p>\n<p>Ovo je nezabele\u017eeno kr\u0161enje zakona i KNP \u0107e o tome obavestiti sve doma\u0107e i me\u0111unarodne institucije koje \u0161tite slobodu govora, medije i novinare od ovakve vrte napada politi\u010dara.<\/p>\n<p>Uprava KNP<\/p>\n","protected":false},"excerpt":{"rendered":"<p>Klub novinara Pomoravlja najo\u0161trije osu\u0111uje saop\u0161tenje Gradskog odbora DS Jagodina\u00a0 i do sada nezabele\u017een u istoriji srpskog novinarstva napad na\u00a0 lokalne portale Infocentrala i Central &hellip; <\/p>\n","protected":false},"author":2,"featured_media":35325,"comment_status":"open","ping_status":"open","sticky":false,"template":"","format":"standard","meta":{"footnotes":""},"categories":[1524,20,2,1514,5643,887,12],"tags":[372,6228,716],"_links":{"self":[{"href":"https:\/\/centralmedia.rs\/index.php\/wp-json\/wp\/v2\/posts\/35324"}],"collection":[{"href":"https:\/\/centralmedia.rs\/index.php\/wp-json\/wp\/v2\/posts"}],"about":[{"href":"https:\/\/centralmedia.rs\/index.php\/wp-json\/wp\/v2\/types\/post"}],"author":[{"embeddable":true,"href":"https:\/\/centralmedia.rs\/index.php\/wp-json\/wp\/v2\/users\/2"}],"replies":[{"embeddable":true,"href":"https:\/\/centralmedia.rs\/index.php\/wp-json\/wp\/v2\/comments?post=35324"}],"version-history":[{"count":1,"href":"https:\/\/centralmedia.rs\/index.php\/wp-json\/wp\/v2\/posts\/35324\/revisions"}],"predecessor-version":[{"id":35326,"href":"https:\/\/centralmedia.rs\/index.php\/wp-json\/wp\/v2\/posts\/35324\/revisions\/35326"}],"wp:featuredmedia":[{"embeddable":true,"href":"https:\/\/centralmedia.rs\/index.php\/wp-json\/wp\/v2\/media\/35325"}],"wp:attachment":[{"href":"https:\/\/centralmedia.rs\/index.php\/wp-json\/wp\/v2\/media?parent=35324"}],"wp:term":[{"taxonomy":"category","embeddable":true,"href":"https:\/\/centralmedia.rs\/index.php\/wp-json\/wp\/v2\/categories?post=35324"},{"taxonomy":"post_tag","embeddable":true,"href":"https:\/\/centralmedia.rs\/index.php\/wp-json\/wp\/v2\/tags?post=35324"}],"curies":[{"name":"wp","href":"https:\/\/api.w.org\/{rel}","templated":true}]}}