{"id":35335,"date":"2023-06-18T15:30:46","date_gmt":"2023-06-18T13:30:46","guid":{"rendered":"http:\/\/centralmedia.rs\/?p=35335"},"modified":"2023-06-20T18:44:37","modified_gmt":"2023-06-20T16:44:37","slug":"ministar-gasic-obisao-poplavljenu-industrijsku-zonu-u-jagodini","status":"publish","type":"post","link":"https:\/\/centralmedia.rs\/index.php\/2023\/06\/18\/ministar-gasic-obisao-poplavljenu-industrijsku-zonu-u-jagodini\/","title":{"rendered":"Ministar Ga\u0161i\u0107 obi\u0161ao poplavljenu industrijsku zonu u Jagodini"},"content":{"rendered":"<p>Ministar unutra\u0161njih poslova Bratislav Ga\u0161i\u0107 obi\u0161ao je danas poplavljenu industrijsku zonu u Jagodini gde su pripadnici Ministarstva unutra\u0161njih poslova, Sektora za vanredne situacije anga\u017eovani i tom prilikom izjavio da su oni prethodna tri dana imali 821 intervenciju i 317 evakuacija&#8230;<\/p>\n<p>\u201eSamo protekla tri dana Sektor za vanredne situacije je imao 821 intervenciju, 317 evakuacija i spasavanja, 1.817 na\u0161ih pripadnika je neprekidno anga\u017eovano u protekla tri dana. Na\u017ealost, radili smo i na prevenciji, tri dana pre ovih velikih padavina na\u0161i pripadnici su poku\u0161ali, tamo gde imamo indicija da \u0107e da do\u0111e do poplavnog talasa da upozore stanovni\u0161tvo i sve industrijske zone\u201c, rekao je ministar Ga\u0161i\u0107 dodaju\u0107i da neki to upozorenje ne shvataju ozbiljno.<\/p>\n<p>Ministar se zahvalio pripadnicima Sektora za vanredne situacije na ogromnom trudu, koji su neprekidno sa gra\u0111anima \u0161irom Srbije.<\/p>\n<p>\u201ePedeset\u0161est vanrednih situacija, to je jako puno, mnogo ki\u0161e je palo, preko 100 litara ovde je palo u proteklih 48 sati. Radi\u0107emo na prevenciji da mo\u017eemo da za\u0161titimo i fabrike i stanovni\u0161tvo, zgrade, kao i useve, poljoprivredna dobra\u201c, poru\u010dio je ministar Ga\u0161i\u0107.<\/p>\n<p>Gradona\u010delnik Ratko Stevanovi\u0107 se zahvalio ministru Ga\u0161i\u0107u na dolasku u Jagodinu i istakao zna\u010daj njegove podr\u0161ke na saniranju \u0161tete nastale u poslednjih 20 dana.<\/p>\n<p>\u201eMi smo uz pomo\u0107 Ministarstva unutra\u0161njih poslova, Sektora za vanredne situacije, Crvenog krsta, Srbijavode uspeli da odbranimo grad u najve\u0107im delovima, imamo \u0161tete u jednom delu. Ekipe \u0107e i dalje biti\u00a0 na terenu, vanredna situacija je u toku, poma\u017eemo gra\u0111anima, preduzimamo mere da otklonimo \u0161tete u narednom periodu\u201c, istakao je gradona\u010delnik Jagodine.<\/p>\n<p>Sa\u0161a Ignjatovi\u0107, na\u010delnik Odeljenja za vanredne situacije u Jagodini rekao je da je\u00a0 u\u00a0 Pomoravskom okrugu progla\u0161ena vanredna situacija u Gradu Jagodini i svim ostalim op\u0161tinama, kao i da se saniraju posledice poplava.<\/p>\n<p>\u201ePripadnici Sektora za vanredne situacije i Gradskog \u0161taba trenutno na lokaciji nove industrijske zone vr\u0161e crpljenje vode iz ovog poplavljenog podru\u010dja. Imali smo dosta intervencija, 25 spasenih lica samo u ovom talasu od 15. juna, evakuisali smo ugro\u017eena lica iz sela Trnava, u naselju \u017delezni\u010dki most, prethodno u Drago\u0161evcu, svuda smo na terenu gde je potrebno. Ono \u0161to je najbitnije, nema stradalih lica\u201c, poru\u010dio je Ignjatovi\u0107.<\/p>\n","protected":false},"excerpt":{"rendered":"<p>Ministar unutra\u0161njih poslova Bratislav Ga\u0161i\u0107 obi\u0161ao je danas poplavljenu industrijsku zonu u Jagodini gde su pripadnici Ministarstva unutra\u0161njih poslova, Sektora za vanredne situacije anga\u017eovani i &hellip; <\/p>\n","protected":false},"author":2,"featured_media":35336,"comment_status":"open","ping_status":"open","sticky":false,"template":"","format":"standard","meta":{"footnotes":""},"categories":[1524,20,2,1514,5643,887,12],"tags":[701,58,612],"_links":{"self":[{"href":"https:\/\/centralmedia.rs\/index.php\/wp-json\/wp\/v2\/posts\/35335"}],"collection":[{"href":"https:\/\/centralmedia.rs\/index.php\/wp-json\/wp\/v2\/posts"}],"about":[{"href":"https:\/\/centralmedia.rs\/index.php\/wp-json\/wp\/v2\/types\/post"}],"author":[{"embeddable":true,"href":"https:\/\/centralmedia.rs\/index.php\/wp-json\/wp\/v2\/users\/2"}],"replies":[{"embeddable":true,"href":"https:\/\/centralmedia.rs\/index.php\/wp-json\/wp\/v2\/comments?post=35335"}],"version-history":[{"count":3,"href":"https:\/\/centralmedia.rs\/index.php\/wp-json\/wp\/v2\/posts\/35335\/revisions"}],"predecessor-version":[{"id":35339,"href":"https:\/\/centralmedia.rs\/index.php\/wp-json\/wp\/v2\/posts\/35335\/revisions\/35339"}],"wp:featuredmedia":[{"embeddable":true,"href":"https:\/\/centralmedia.rs\/index.php\/wp-json\/wp\/v2\/media\/35336"}],"wp:attachment":[{"href":"https:\/\/centralmedia.rs\/index.php\/wp-json\/wp\/v2\/media?parent=35335"}],"wp:term":[{"taxonomy":"category","embeddable":true,"href":"https:\/\/centralmedia.rs\/index.php\/wp-json\/wp\/v2\/categories?post=35335"},{"taxonomy":"post_tag","embeddable":true,"href":"https:\/\/centralmedia.rs\/index.php\/wp-json\/wp\/v2\/tags?post=35335"}],"curies":[{"name":"wp","href":"https:\/\/api.w.org\/{rel}","templated":true}]}}