{"id":35340,"date":"2023-06-18T16:24:54","date_gmt":"2023-06-18T14:24:54","guid":{"rendered":"http:\/\/centralmedia.rs\/?p=35340"},"modified":"2023-06-20T18:44:29","modified_gmt":"2023-06-20T16:44:29","slug":"sanacija-stete-od-poplava-u-svilajncu","status":"publish","type":"post","link":"https:\/\/centralmedia.rs\/index.php\/2023\/06\/18\/sanacija-stete-od-poplava-u-svilajncu\/","title":{"rendered":"SANACIJA \u0160TETE OD POPLAVA U SVILAJNCU"},"content":{"rendered":"<p>SVILAJNAC- Ekipe KJP &#8220;Morava&#8221; Svilajnac i su na terenu, gde u vi\u0161e sela rade na ra\u0161\u010di\u0161\u0107avanju i saniranju \u0161tete koju su izazvale obilne padavine i buji\u010dne vode prethodnih dana.<\/p>\n<div id='gallery-1' class='gallery galleryid-35340 gallery-columns-8 gallery-size-thumbnail'><figure class='gallery-item'>\n\t\t\t<div class='gallery-icon portrait'>\n\t\t\t\t<a href='https:\/\/centralmedia.rs\/index.php\/2023\/06\/18\/sanacija-stete-od-poplava-u-svilajncu\/jkp-5\/'><img loading=\"lazy\" decoding=\"async\" width=\"150\" height=\"150\" src=\"https:\/\/centralmedia.rs\/wp-content\/uploads\/2023\/06\/jkp-150x150.jpg\" class=\"attachment-thumbnail size-thumbnail\" alt=\"\" \/><\/a>\n\t\t\t<\/div><\/figure><figure class='gallery-item'>\n\t\t\t<div class='gallery-icon portrait'>\n\t\t\t\t<a href='https:\/\/centralmedia.rs\/index.php\/2023\/06\/18\/sanacija-stete-od-poplava-u-svilajncu\/jkp1-3\/'><img loading=\"lazy\" decoding=\"async\" width=\"150\" height=\"150\" src=\"https:\/\/centralmedia.rs\/wp-content\/uploads\/2023\/06\/jkp1-150x150.jpg\" class=\"attachment-thumbnail size-thumbnail\" alt=\"\" \/><\/a>\n\t\t\t<\/div><\/figure><figure class='gallery-item'>\n\t\t\t<div class='gallery-icon portrait'>\n\t\t\t\t<a href='https:\/\/centralmedia.rs\/index.php\/2023\/06\/18\/sanacija-stete-od-poplava-u-svilajncu\/jkp2\/'><img loading=\"lazy\" decoding=\"async\" width=\"150\" height=\"150\" src=\"https:\/\/centralmedia.rs\/wp-content\/uploads\/2023\/06\/jkp2-150x150.jpg\" class=\"attachment-thumbnail size-thumbnail\" alt=\"\" \/><\/a>\n\t\t\t<\/div><\/figure><figure class='gallery-item'>\n\t\t\t<div class='gallery-icon portrait'>\n\t\t\t\t<a href='https:\/\/centralmedia.rs\/index.php\/2023\/06\/18\/sanacija-stete-od-poplava-u-svilajncu\/jkp3\/'><img loading=\"lazy\" decoding=\"async\" width=\"150\" height=\"150\" src=\"https:\/\/centralmedia.rs\/wp-content\/uploads\/2023\/06\/jkp3-150x150.jpg\" class=\"attachment-thumbnail size-thumbnail\" alt=\"\" \/><\/a>\n\t\t\t<\/div><\/figure><figure class='gallery-item'>\n\t\t\t<div class='gallery-icon landscape'>\n\t\t\t\t<a href='https:\/\/centralmedia.rs\/index.php\/2023\/06\/18\/sanacija-stete-od-poplava-u-svilajncu\/pomoc-15\/'><img loading=\"lazy\" decoding=\"async\" width=\"150\" height=\"150\" src=\"https:\/\/centralmedia.rs\/wp-content\/uploads\/2023\/06\/pomoc-1-150x150.jpg\" class=\"attachment-thumbnail size-thumbnail\" alt=\"\" \/><\/a>\n\t\t\t<\/div><\/figure><figure class='gallery-item'>\n\t\t\t<div class='gallery-icon landscape'>\n\t\t\t\t<a href='https:\/\/centralmedia.rs\/index.php\/2023\/06\/18\/sanacija-stete-od-poplava-u-svilajncu\/pomoc1-5\/'><img loading=\"lazy\" decoding=\"async\" width=\"150\" height=\"150\" src=\"https:\/\/centralmedia.rs\/wp-content\/uploads\/2023\/06\/pomoc1-150x150.jpg\" class=\"attachment-thumbnail size-thumbnail\" alt=\"\" \/><\/a>\n\t\t\t<\/div><\/figure><figure class='gallery-item'>\n\t\t\t<div class='gallery-icon landscape'>\n\t\t\t\t<a href='https:\/\/centralmedia.rs\/index.php\/2023\/06\/18\/sanacija-stete-od-poplava-u-svilajncu\/pomoc2-5\/'><img loading=\"lazy\" decoding=\"async\" width=\"150\" height=\"150\" src=\"https:\/\/centralmedia.rs\/wp-content\/uploads\/2023\/06\/pomoc2-150x150.jpg\" class=\"attachment-thumbnail size-thumbnail\" alt=\"\" \/><\/a>\n\t\t\t<\/div><\/figure><figure class='gallery-item'>\n\t\t\t<div class='gallery-icon landscape'>\n\t\t\t\t<a href='https:\/\/centralmedia.rs\/index.php\/2023\/06\/18\/sanacija-stete-od-poplava-u-svilajncu\/pomoc3-4\/'><img loading=\"lazy\" decoding=\"async\" width=\"150\" height=\"150\" src=\"https:\/\/centralmedia.rs\/wp-content\/uploads\/2023\/06\/pomoc3-150x150.jpg\" class=\"attachment-thumbnail size-thumbnail\" alt=\"\" \/><\/a>\n\t\t\t<\/div><\/figure>\n\t\t<\/div>\n\n<p>Predsednik op\u0161tine Svilajnac Predrag Milanovi\u0107 izjavio je da su danono\u0107no sve ekipe na terenu i prate situaciju na rekama, te da nije bilo ve\u0107ih problema:<\/p>\n<p>\u201eProblema je bilo u Vojski sa rekom Trstenom koja se izlila, ali u manjim razmerama nego prvi put. Nije poplavljena ni jedna ku\u0107a, bilo je izlivanja na poljoprivrednom zemlji\u0161tu i u pojedinim dvori\u0161tima. Sada je u redu, Trstena je u koritu. Imali smo izlivanja kod Subotice, u nebranjenom podru\u010dju, to zna\u010di da je to na mestu koje je ostavljeno kada nai\u0111e ovako velika voda da ima gde da ode, a da nije naseljeno podru\u010dje. Desna obala ka selu je za\u0161ti\u0107ena i tu nema nikakvih problema. \u0160to se ti\u010de Svilajnca tu nema nikakvih problema, niti ih o\u010dekujemo, sam grad dobro je za\u0161ti\u0107en. Poplavljena su u Dubnici i Troponju dva dvori\u0161ta, tu se voda povukla i ni\u0161ta od ku\u0107a nije poplavljeno\u201c \u2013 izjavio je Milanovi\u0107 i rekao da je situacija pod kontrolom, a da \u0107e nadle\u017ene ekipe na terenu raditi na sanaciji i da se situacija prati svuda dok traju padavine.<\/p>\n<p>Zamenik predsednika op\u0161tine Dragana Radevi\u0107 obi\u0161la je sa Crvenim krstom danas poplavljena doma\u0107instva u Troponju i Vojski, gde je osim osnovnih namirnica, vode i sredstava za higijenu pru\u017eena sva druga trenutno neophodna pomo\u0107.<\/p>\n","protected":false},"excerpt":{"rendered":"<p>SVILAJNAC- Ekipe KJP &#8220;Morava&#8221; Svilajnac i su na terenu, gde u vi\u0161e sela rade na ra\u0161\u010di\u0161\u0107avanju i saniranju \u0161tete koju su izazvale obilne padavine i &hellip; <\/p>\n","protected":false},"author":2,"featured_media":35341,"comment_status":"open","ping_status":"open","sticky":false,"template":"","format":"standard","meta":{"footnotes":""},"categories":[1524,20,2,887,12,5785,1517],"tags":[3713,6236,38],"_links":{"self":[{"href":"https:\/\/centralmedia.rs\/index.php\/wp-json\/wp\/v2\/posts\/35340"}],"collection":[{"href":"https:\/\/centralmedia.rs\/index.php\/wp-json\/wp\/v2\/posts"}],"about":[{"href":"https:\/\/centralmedia.rs\/index.php\/wp-json\/wp\/v2\/types\/post"}],"author":[{"embeddable":true,"href":"https:\/\/centralmedia.rs\/index.php\/wp-json\/wp\/v2\/users\/2"}],"replies":[{"embeddable":true,"href":"https:\/\/centralmedia.rs\/index.php\/wp-json\/wp\/v2\/comments?post=35340"}],"version-history":[{"count":1,"href":"https:\/\/centralmedia.rs\/index.php\/wp-json\/wp\/v2\/posts\/35340\/revisions"}],"predecessor-version":[{"id":35350,"href":"https:\/\/centralmedia.rs\/index.php\/wp-json\/wp\/v2\/posts\/35340\/revisions\/35350"}],"wp:featuredmedia":[{"embeddable":true,"href":"https:\/\/centralmedia.rs\/index.php\/wp-json\/wp\/v2\/media\/35341"}],"wp:attachment":[{"href":"https:\/\/centralmedia.rs\/index.php\/wp-json\/wp\/v2\/media?parent=35340"}],"wp:term":[{"taxonomy":"category","embeddable":true,"href":"https:\/\/centralmedia.rs\/index.php\/wp-json\/wp\/v2\/categories?post=35340"},{"taxonomy":"post_tag","embeddable":true,"href":"https:\/\/centralmedia.rs\/index.php\/wp-json\/wp\/v2\/tags?post=35340"}],"curies":[{"name":"wp","href":"https:\/\/api.w.org\/{rel}","templated":true}]}}