{"id":35354,"date":"2023-06-18T16:44:24","date_gmt":"2023-06-18T14:44:24","guid":{"rendered":"http:\/\/centralmedia.rs\/?p=35354"},"modified":"2023-06-20T18:46:45","modified_gmt":"2023-06-20T16:46:45","slug":"promocija-knjige-mlade-pesnikinje-milice-veljovic","status":"publish","type":"post","link":"https:\/\/centralmedia.rs\/index.php\/2023\/06\/18\/promocija-knjige-mlade-pesnikinje-milice-veljovic\/","title":{"rendered":"PROMOCIJA KNjIGE MLADE PESNIKINjE MILICE VELjOVI\u0106"},"content":{"rendered":"<p>U Kulturnom centru \u201eDositej Obradovi\u0107\u201c u Bato\u010dini, a u organizaciji bato\u010dinske bilbioteke \u201eVuk Karad\u017ei\u0107\u201c, odr\u017eana je promocija prve zbirke pesama za decu De\u010dje \u201emuke\u201c mlade pesnikinje Milice Veljovi\u0107. Ona je odlu\u010dila da prva zvani\u010dna predstavljanja knjige budu u njenom gradu, u kojem je zavr\u0161ila osnovnu i srednju \u0161kolu pre nego \u0161to je upisala i zavr\u0161ila, kao jedan od najboljih studenata, Fakultet pedago\u0161kih nauka u Jagodini.<\/p>\n<div id='gallery-1' class='gallery galleryid-35354 gallery-columns-3 gallery-size-thumbnail'><figure class='gallery-item'>\n\t\t\t<div class='gallery-icon landscape'>\n\t\t\t\t<a href='https:\/\/centralmedia.rs\/index.php\/2023\/06\/18\/promocija-knjige-mlade-pesnikinje-milice-veljovic\/promocija-1-2\/'><img loading=\"lazy\" decoding=\"async\" width=\"150\" height=\"150\" src=\"https:\/\/centralmedia.rs\/wp-content\/uploads\/2023\/06\/promocija-1-150x150.jpg\" class=\"attachment-thumbnail size-thumbnail\" alt=\"\" \/><\/a>\n\t\t\t<\/div><\/figure><figure class='gallery-item'>\n\t\t\t<div class='gallery-icon landscape'>\n\t\t\t\t<a href='https:\/\/centralmedia.rs\/index.php\/2023\/06\/18\/promocija-knjige-mlade-pesnikinje-milice-veljovic\/promocija-2-2\/'><img loading=\"lazy\" decoding=\"async\" width=\"150\" height=\"150\" src=\"https:\/\/centralmedia.rs\/wp-content\/uploads\/2023\/06\/promocija-2-150x150.jpg\" class=\"attachment-thumbnail size-thumbnail\" alt=\"\" \/><\/a>\n\t\t\t<\/div><\/figure><figure class='gallery-item'>\n\t\t\t<div class='gallery-icon landscape'>\n\t\t\t\t<a href='https:\/\/centralmedia.rs\/index.php\/2023\/06\/18\/promocija-knjige-mlade-pesnikinje-milice-veljovic\/promocija-3\/'><img loading=\"lazy\" decoding=\"async\" width=\"150\" height=\"150\" src=\"https:\/\/centralmedia.rs\/wp-content\/uploads\/2023\/06\/promocija-3-150x150.jpg\" class=\"attachment-thumbnail size-thumbnail\" alt=\"\" \/><\/a>\n\t\t\t<\/div><\/figure>\n\t\t<\/div>\n\n<p>Mili\u010dine pesme su, kako se na promociji moglo \u010duti, spoj onih pesama koje proisti\u010du iz tradicije Jovana Jovanovi\u0107a Zmaja i onih posve modernih, u kojima poziciju lirskog subjekta zauzimaju i dete i odrasli.<\/p>\n<p>Uprkos nado\u0161loj Lepenici i ki\u0161i koja je izazvala nezgode za stanovnike Bato\u010dine, sala je bila dupke puna. Na promociji su govorile v.d. direktora biblioteke Ivana Gavrilovi\u0107 Miladinovi\u0107, bibliotekar i lektor knjige Radmila Krsti\u0107, ali su se odazvali i recenzenti, autorkini profesori srpskog jezika i knji\u017eevnosti sa Fakulteta pedago\u0161kih nauka u Jagodini, Ilijana \u010cutura i Branko Ili\u0107. Oni su istakli da je, uprkos tome \u0161to je ova knjiga Mili\u010din prvenac, njen pesni\u010dki glas ve\u0107 zreo, a da je njeno razumevanje deteta duboko. Nije ni \u010dudo, jer Milica je u\u010diteljica i deca su deo njenog svakodnevnog \u017eivota. Pored toga, deca sa kojom radi ilustrovala su knjigu i zajedni\u010dki napisala jednu pesmu u njoj. Naravno, deca su oplemenila i samu promociju: za klavirom je bila Dunja Elez, a pesme iz knjige kazivali su recitatori Du\u0161an Stojanovi\u0107, Milica Krsti\u0107 i Damjan Nikoli\u0107.<\/p>\n","protected":false},"excerpt":{"rendered":"<p>U Kulturnom centru \u201eDositej Obradovi\u0107\u201c u Bato\u010dini, a u organizaciji bato\u010dinske bilbioteke \u201eVuk Karad\u017ei\u0107\u201c, odr\u017eana je promocija prve zbirke pesama za decu De\u010dje \u201emuke\u201c mlade &hellip; <\/p>\n","protected":false},"author":2,"featured_media":35355,"comment_status":"open","ping_status":"open","sticky":false,"template":"","format":"standard","meta":{"footnotes":""},"categories":[1525,1524,2,15,12],"tags":[776,2049],"_links":{"self":[{"href":"https:\/\/centralmedia.rs\/index.php\/wp-json\/wp\/v2\/posts\/35354"}],"collection":[{"href":"https:\/\/centralmedia.rs\/index.php\/wp-json\/wp\/v2\/posts"}],"about":[{"href":"https:\/\/centralmedia.rs\/index.php\/wp-json\/wp\/v2\/types\/post"}],"author":[{"embeddable":true,"href":"https:\/\/centralmedia.rs\/index.php\/wp-json\/wp\/v2\/users\/2"}],"replies":[{"embeddable":true,"href":"https:\/\/centralmedia.rs\/index.php\/wp-json\/wp\/v2\/comments?post=35354"}],"version-history":[{"count":1,"href":"https:\/\/centralmedia.rs\/index.php\/wp-json\/wp\/v2\/posts\/35354\/revisions"}],"predecessor-version":[{"id":35358,"href":"https:\/\/centralmedia.rs\/index.php\/wp-json\/wp\/v2\/posts\/35354\/revisions\/35358"}],"wp:featuredmedia":[{"embeddable":true,"href":"https:\/\/centralmedia.rs\/index.php\/wp-json\/wp\/v2\/media\/35355"}],"wp:attachment":[{"href":"https:\/\/centralmedia.rs\/index.php\/wp-json\/wp\/v2\/media?parent=35354"}],"wp:term":[{"taxonomy":"category","embeddable":true,"href":"https:\/\/centralmedia.rs\/index.php\/wp-json\/wp\/v2\/categories?post=35354"},{"taxonomy":"post_tag","embeddable":true,"href":"https:\/\/centralmedia.rs\/index.php\/wp-json\/wp\/v2\/tags?post=35354"}],"curies":[{"name":"wp","href":"https:\/\/api.w.org\/{rel}","templated":true}]}}