{"id":3536,"date":"2016-06-29T15:17:03","date_gmt":"2016-06-29T15:17:03","guid":{"rendered":"http:\/\/centralmedia.rs\/?p=3536"},"modified":"2017-01-20T01:50:28","modified_gmt":"2017-01-20T01:50:28","slug":"sns-na-celu-vlasti-u-rekovcu","status":"publish","type":"post","link":"https:\/\/centralmedia.rs\/index.php\/2016\/06\/29\/sns-na-celu-vlasti-u-rekovcu\/","title":{"rendered":"SNS NA \u010cELU VLASTI U REKOVCU"},"content":{"rendered":"<p>REKOVAC-Na vanrednoj sednici SO Rekovac JS je sa SNS formirala novu odborni\u010dku ve\u0107inu sa 20 odbornika od ukupno 33. Za predsednika op\u0161tine izabran je dr Aleksandar \u0110or\u0111evi\u0107-SNS, negov zamenik je Dragi\u0161a Tomi\u0107-SNS, dok je za zamenika predsednika SO izabran Milan Ra\u0161i\u0107 \u2013 SNS. Na mestu predsednika SO ostao je Goran \u0110or\u0111evi\u0107 \u2013 JS. To je tre\u0107a koalicija na vlasti u proteklih mesec i po dana. Ovog puta koalicioni sporazum potpisale su centrale tih stranaka, \u0161to je garant stabilnosti. Na dnevnom redu skup\u0161tine bilo je tridesetak ta\u010daka, a re\u010d je o imenovanjima \u010dlanova ve\u0107a i organa lokalne uprave, kao i smenama i postavljenjima direktora u javnim preduze\u0107ima i ustanovama u Rekovcu.<a href=\"https:\/\/centralmedia.rs\/wp-content\/uploads\/2016\/06\/sednica-so-rekovac.jpg\"><img loading=\"lazy\" decoding=\"async\" class=\"alignnone size-medium wp-image-3539\" src=\"https:\/\/centralmedia.rs\/wp-content\/uploads\/2016\/06\/sednica-so-rekovac-300x151.jpg\" alt=\"sednica so rekovac\" width=\"300\" height=\"151\" srcset=\"https:\/\/centralmedia.rs\/wp-content\/uploads\/2016\/06\/sednica-so-rekovac-300x151.jpg 300w, https:\/\/centralmedia.rs\/wp-content\/uploads\/2016\/06\/sednica-so-rekovac-768x386.jpg 768w, https:\/\/centralmedia.rs\/wp-content\/uploads\/2016\/06\/sednica-so-rekovac-1024x515.jpg 1024w, https:\/\/centralmedia.rs\/wp-content\/uploads\/2016\/06\/sednica-so-rekovac.jpg 1193w\" sizes=\"(max-width: 300px) 100vw, 300px\" \/><\/a><br \/>\nHronologija politi\u010dkih previranja u Rekovcu je veoma burna u protekla dva meseca. Neposredno posle izbora odbori SNS, SDS, JS i GG Leva\u010d potpisali su koalicioni sporazum, zatim je JS negirao sporazum i pri\u0161ao SPS i DS, ali je odbornica JS pre\u0161la u SNS \u0161to je bilo dovoljno formiranje za ve\u0107ine sredinom maja. Potom je JS uzvratila i pro\u0161log ponedeljka uspela da ,,odvoji\u201d odbornika SNS, te da sa SPS i DS formira ve\u0107inu. Ta\u010dku na leva\u010dku politi\u010dku pri\u010du stavio je visoki funkcioner SNS Bratislav Ga\u0161i\u0107 koji je inicirao potpisivanje novog koalicionog sporazuma SNS i JS. Tome treba dodati i prelazak \u010detiri odbornika SDS i dva GG Leva\u010d u SNS.<\/p>\n<p>&nbsp;<\/p>\n<p><strong><em><a href=\"https:\/\/centralmedia.rs\/wp-content\/uploads\/2016\/12\/grb.jpg\"><img loading=\"lazy\" decoding=\"async\" class=\"aligncenter size-medium wp-image-6520\" src=\"https:\/\/centralmedia.rs\/wp-content\/uploads\/2016\/12\/grb-210x300.jpg\" alt=\"\" width=\"210\" height=\"300\" srcset=\"https:\/\/centralmedia.rs\/wp-content\/uploads\/2016\/12\/grb-210x300.jpg 210w, https:\/\/centralmedia.rs\/wp-content\/uploads\/2016\/12\/grb.jpg 276w\" sizes=\"(max-width: 210px) 100vw, 210px\" \/><\/a>Pozitivni primeri Razglednica iz Rekovca \u2013 Projekat se realizuje uz pomo\u0107 sredstava iz bud\u017eeta Op\u0161tine Rekovac.<\/em><\/strong><\/p>\n","protected":false},"excerpt":{"rendered":"<p>REKOVAC-Na vanrednoj sednici SO Rekovac JS je sa SNS formirala novu odborni\u010dku ve\u0107inu sa 20 odbornika od ukupno 33. Za predsednika op\u0161tine izabran je dr &hellip; <\/p>\n","protected":false},"author":4,"featured_media":3537,"comment_status":"open","ping_status":"open","sticky":false,"template":"","format":"standard","meta":{"footnotes":""},"categories":[1524,2,13,887,1519,12],"tags":[441,918,919],"_links":{"self":[{"href":"https:\/\/centralmedia.rs\/index.php\/wp-json\/wp\/v2\/posts\/3536"}],"collection":[{"href":"https:\/\/centralmedia.rs\/index.php\/wp-json\/wp\/v2\/posts"}],"about":[{"href":"https:\/\/centralmedia.rs\/index.php\/wp-json\/wp\/v2\/types\/post"}],"author":[{"embeddable":true,"href":"https:\/\/centralmedia.rs\/index.php\/wp-json\/wp\/v2\/users\/4"}],"replies":[{"embeddable":true,"href":"https:\/\/centralmedia.rs\/index.php\/wp-json\/wp\/v2\/comments?post=3536"}],"version-history":[{"count":0,"href":"https:\/\/centralmedia.rs\/index.php\/wp-json\/wp\/v2\/posts\/3536\/revisions"}],"wp:featuredmedia":[{"embeddable":true,"href":"https:\/\/centralmedia.rs\/index.php\/wp-json\/wp\/v2\/media\/3537"}],"wp:attachment":[{"href":"https:\/\/centralmedia.rs\/index.php\/wp-json\/wp\/v2\/media?parent=3536"}],"wp:term":[{"taxonomy":"category","embeddable":true,"href":"https:\/\/centralmedia.rs\/index.php\/wp-json\/wp\/v2\/categories?post=3536"},{"taxonomy":"post_tag","embeddable":true,"href":"https:\/\/centralmedia.rs\/index.php\/wp-json\/wp\/v2\/tags?post=3536"}],"curies":[{"name":"wp","href":"https:\/\/api.w.org\/{rel}","templated":true}]}}