{"id":35366,"date":"2023-06-20T18:12:46","date_gmt":"2023-06-20T16:12:46","guid":{"rendered":"http:\/\/centralmedia.rs\/?p=35366"},"modified":"2023-06-22T23:17:35","modified_gmt":"2023-06-22T21:17:35","slug":"rekonstrukcija-trim-staze","status":"publish","type":"post","link":"https:\/\/centralmedia.rs\/index.php\/2023\/06\/20\/rekonstrukcija-trim-staze\/","title":{"rendered":"REKONSTRUKCIJA TRIM STAZE"},"content":{"rendered":"<p>SVILAJNAC- U toku je rekonstrukcija trim staze u parku Poljoprivredno-veterinarske \u0161kole sa domom u\u010denika Svilajnac.<\/p>\n<div id='gallery-1' class='gallery galleryid-35366 gallery-columns-3 gallery-size-thumbnail'><figure class='gallery-item'>\n\t\t\t<div class='gallery-icon landscape'>\n\t\t\t\t<a href='https:\/\/centralmedia.rs\/index.php\/2023\/06\/20\/rekonstrukcija-trim-staze\/staza1-4\/'><img loading=\"lazy\" decoding=\"async\" width=\"150\" height=\"150\" src=\"https:\/\/centralmedia.rs\/wp-content\/uploads\/2023\/06\/staza1-150x150.jpg\" class=\"attachment-thumbnail size-thumbnail\" alt=\"\" \/><\/a>\n\t\t\t<\/div><\/figure><figure class='gallery-item'>\n\t\t\t<div class='gallery-icon landscape'>\n\t\t\t\t<a href='https:\/\/centralmedia.rs\/index.php\/2023\/06\/20\/rekonstrukcija-trim-staze\/staza2-3\/'><img loading=\"lazy\" decoding=\"async\" width=\"150\" height=\"150\" src=\"https:\/\/centralmedia.rs\/wp-content\/uploads\/2023\/06\/staza2-150x150.jpg\" class=\"attachment-thumbnail size-thumbnail\" alt=\"\" \/><\/a>\n\t\t\t<\/div><\/figure><figure class='gallery-item'>\n\t\t\t<div class='gallery-icon landscape'>\n\t\t\t\t<a href='https:\/\/centralmedia.rs\/index.php\/2023\/06\/20\/rekonstrukcija-trim-staze\/staza3-3\/'><img loading=\"lazy\" decoding=\"async\" width=\"150\" height=\"150\" src=\"https:\/\/centralmedia.rs\/wp-content\/uploads\/2023\/06\/staza3-150x150.jpg\" class=\"attachment-thumbnail size-thumbnail\" alt=\"\" \/><\/a>\n\t\t\t<\/div><\/figure>\n\t\t<\/div>\n\n<p>Ovaj projekat zajedni\u010dki finansiraju op\u0161tina Svilajnac i \u0161kola, a radove je danas obi\u0161ao predsednik op\u0161tine Svilajnac Predrag Milanovi\u0107:<\/p>\n<p>\u201eOvo je staza koju koriste svi gra\u0111ani, ne samo u\u010denici. Tako\u0111e, tokom leta ovde se odr\u017eavaju razni letnji kampovi, gde borave deca i mladi iz cele Srbije i regiona. Radi se kompletna rekonstrukcija staze du\u017eine oko 700 metara, koja \u0107e prakti\u010dno biti nova, a zameni\u0107emo i sprave koje su uz stazu a koje su dotrajale, tako da \u0107e ovo biti jedan kompletno ure\u0111en i sre\u0111en prostor\u201c \u2013 rekao je Milanovi\u0107 i rekao da radovi treba da budu gotovi u narednih mesec dana.<\/p>\n","protected":false},"excerpt":{"rendered":"<p>SVILAJNAC- U toku je rekonstrukcija trim staze u parku Poljoprivredno-veterinarske \u0161kole sa domom u\u010denika Svilajnac. Ovaj projekat zajedni\u010dki finansiraju op\u0161tina Svilajnac i \u0161kola, a radove &hellip; <\/p>\n","protected":false},"author":2,"featured_media":35367,"comment_status":"open","ping_status":"open","sticky":false,"template":"","format":"standard","meta":{"footnotes":""},"categories":[1524,2,887,21,12,5785,1517],"tags":[38,6238],"_links":{"self":[{"href":"https:\/\/centralmedia.rs\/index.php\/wp-json\/wp\/v2\/posts\/35366"}],"collection":[{"href":"https:\/\/centralmedia.rs\/index.php\/wp-json\/wp\/v2\/posts"}],"about":[{"href":"https:\/\/centralmedia.rs\/index.php\/wp-json\/wp\/v2\/types\/post"}],"author":[{"embeddable":true,"href":"https:\/\/centralmedia.rs\/index.php\/wp-json\/wp\/v2\/users\/2"}],"replies":[{"embeddable":true,"href":"https:\/\/centralmedia.rs\/index.php\/wp-json\/wp\/v2\/comments?post=35366"}],"version-history":[{"count":1,"href":"https:\/\/centralmedia.rs\/index.php\/wp-json\/wp\/v2\/posts\/35366\/revisions"}],"predecessor-version":[{"id":35371,"href":"https:\/\/centralmedia.rs\/index.php\/wp-json\/wp\/v2\/posts\/35366\/revisions\/35371"}],"wp:featuredmedia":[{"embeddable":true,"href":"https:\/\/centralmedia.rs\/index.php\/wp-json\/wp\/v2\/media\/35367"}],"wp:attachment":[{"href":"https:\/\/centralmedia.rs\/index.php\/wp-json\/wp\/v2\/media?parent=35366"}],"wp:term":[{"taxonomy":"category","embeddable":true,"href":"https:\/\/centralmedia.rs\/index.php\/wp-json\/wp\/v2\/categories?post=35366"},{"taxonomy":"post_tag","embeddable":true,"href":"https:\/\/centralmedia.rs\/index.php\/wp-json\/wp\/v2\/tags?post=35366"}],"curies":[{"name":"wp","href":"https:\/\/api.w.org\/{rel}","templated":true}]}}