{"id":35372,"date":"2023-06-20T18:14:02","date_gmt":"2023-06-20T16:14:02","guid":{"rendered":"http:\/\/centralmedia.rs\/?p=35372"},"modified":"2023-06-22T23:17:46","modified_gmt":"2023-06-22T21:17:46","slug":"palma-basti-je-dat-rok-da-podnese-ostavku-za-jedinstvenu-srbiju-on-vise-nije-ni-clan-stranke-ni-ministar-u-vladi-srbije","status":"publish","type":"post","link":"https:\/\/centralmedia.rs\/index.php\/2023\/06\/20\/palma-basti-je-dat-rok-da-podnese-ostavku-za-jedinstvenu-srbiju-on-vise-nije-ni-clan-stranke-ni-ministar-u-vladi-srbije\/","title":{"rendered":"PALMA : BASTI JE DAT ROK DA PODNESE OSTAVKU. ZA JEDINSTVENU SRBIJU ON VI\u0160E NIJE NI \u010cLAN STRANKE NI MINISTAR U VLADI SRBIJE"},"content":{"rendered":"<p>\u201eRadetu Basti je dat rok da podnese ostavku na sve funkcije na koje ga je predlo\u017eila Jedinstvena Srbija, \u0161to uklju\u010duje i funkciju ministra za privredu u Vladi Srbije. Podse\u0107am da je na sednici Predsedni\u0161tva Jedinstvene Srbije koja je odr\u017eana 10. 04. 2023. godine u Jagodini jednoglasno doneta odluka o smeni Radeta Baste sa mesta potpredsednika stranke. Razlog za smenu u stranci i zahtev za smenu u Vladi Srbije je slede\u0107i : Izjave Radeta Baste da Srbija treba da uvede sankcije Rusiji i da se svi ministri u Vladi Srbije trebaju pridru\u017eiti protestima u Beogradu su dijametralno suprotne programu Jedinstvene Srbije i dr\u017eavnoj i nacionalnoj politici koju sprovodi Vlada Srbije. U svakoj dr\u017eavi na svetu ako se neki ministar ne sla\u017ee sa dr\u017eavnom politikom koju sprovodi Vlada \u010dije je \u010dlan, taj podnosi ostavku. Za Jedinstvenu Srbiju Rade Basta vi\u0161e nije \u010dlan stranke i za Jedinstvenu Srbiju Rade Basta vi\u0161e nije ministar u Vladi Srbije\u201c, saop\u0161tio je predsednik Jedinstvene Srbije Dragan Markovi\u0107 Palma i dodao da je zahtev za smenu Radeta Baste podnet i Vladi Republike Srbije.<\/p>\n","protected":false},"excerpt":{"rendered":"<p>\u201eRadetu Basti je dat rok da podnese ostavku na sve funkcije na koje ga je predlo\u017eila Jedinstvena Srbija, \u0161to uklju\u010duje i funkciju ministra za privredu &hellip; <\/p>\n","protected":false},"author":2,"featured_media":35373,"comment_status":"open","ping_status":"open","sticky":false,"template":"","format":"standard","meta":{"footnotes":""},"categories":[1524,2,1514,5643,13,887,12],"tags":[6148,702,120],"_links":{"self":[{"href":"https:\/\/centralmedia.rs\/index.php\/wp-json\/wp\/v2\/posts\/35372"}],"collection":[{"href":"https:\/\/centralmedia.rs\/index.php\/wp-json\/wp\/v2\/posts"}],"about":[{"href":"https:\/\/centralmedia.rs\/index.php\/wp-json\/wp\/v2\/types\/post"}],"author":[{"embeddable":true,"href":"https:\/\/centralmedia.rs\/index.php\/wp-json\/wp\/v2\/users\/2"}],"replies":[{"embeddable":true,"href":"https:\/\/centralmedia.rs\/index.php\/wp-json\/wp\/v2\/comments?post=35372"}],"version-history":[{"count":1,"href":"https:\/\/centralmedia.rs\/index.php\/wp-json\/wp\/v2\/posts\/35372\/revisions"}],"predecessor-version":[{"id":35374,"href":"https:\/\/centralmedia.rs\/index.php\/wp-json\/wp\/v2\/posts\/35372\/revisions\/35374"}],"wp:featuredmedia":[{"embeddable":true,"href":"https:\/\/centralmedia.rs\/index.php\/wp-json\/wp\/v2\/media\/35373"}],"wp:attachment":[{"href":"https:\/\/centralmedia.rs\/index.php\/wp-json\/wp\/v2\/media?parent=35372"}],"wp:term":[{"taxonomy":"category","embeddable":true,"href":"https:\/\/centralmedia.rs\/index.php\/wp-json\/wp\/v2\/categories?post=35372"},{"taxonomy":"post_tag","embeddable":true,"href":"https:\/\/centralmedia.rs\/index.php\/wp-json\/wp\/v2\/tags?post=35372"}],"curies":[{"name":"wp","href":"https:\/\/api.w.org\/{rel}","templated":true}]}}