{"id":35375,"date":"2023-06-20T18:15:28","date_gmt":"2023-06-20T16:15:28","guid":{"rendered":"http:\/\/centralmedia.rs\/?p=35375"},"modified":"2023-06-20T18:46:00","modified_gmt":"2023-06-20T16:46:00","slug":"udruzenje-uzicana-u-beogradu-obelezilo-100-godina-od-osnivanja","status":"publish","type":"post","link":"https:\/\/centralmedia.rs\/index.php\/2023\/06\/20\/udruzenje-uzicana-u-beogradu-obelezilo-100-godina-od-osnivanja\/","title":{"rendered":"Udru\u017eenje U\u017ei\u010dana u Beogradu obele\u017eilo 100 godina od osnivanja"},"content":{"rendered":"<p>Udru\u017eenje U\u017ei\u010dana u Beogradu, obele\u017eilo je 17. juna jubilej, 100 godina od osnivanja, sve\u010danom akademijom u Domu vojske Srbije. Me\u0111u brojnim gostima bili su i predstavnici op\u0161tine \u010cajetina.<\/p>\n<p>Predsednik Skup\u0161tine op\u0161tine \u010cajetina Arsen \u0110uri\u0107 se na proslavi 100 godina Udru\u017eenja U\u017ei\u010dana u Beogradu obratio re\u010dima da je to jedno od malog broj udru\u017eenja koja se mogu pohvaliti ovako dugom tradicijom, ali i ostavarenim delima i postignu\u0107ima. Op\u0161tina \u010cajetina sa Udru\u017eenjem U\u017ei\u010dana gaji vi\u0161e nego dobru saradnju, ali i neguje zajedni\u010dko kulturno-istorijsko nasle\u0111e i se\u0107anje na znamenite ljude i doga\u0111aje.<\/p>\n<p>\u201eLi\u010dno imam zadovoljstvo da sa ovim udru\u017eenjem sara\u0111ujem ve\u0107 \u010detvrt veka, zajedni\u010dki\u00a0 promovi\u0161u\u0107i \u010ditav Zlatiborski okrug, kao i privredne i turisti\u010dke potencijale na\u0161eg kraju ovde u Beogradu. Sugaran sam da \u0107e ta saradnja u narednom periodu biti jo\u0161 plodotvornija\u201c rekao je \u0110uri\u0107 i svim \u010dlanovima Udru\u017eenja U\u017ei\u010dana u Beogradu po\u017eeleo da i u narednih 100 godina budu pravi ambasadori Zlatiborskog kraja i da sa ponosom pronose duh svog zavi\u010daja i u glavnom gradu. Op\u0161tini \u010cajetina, na sve\u010danosti je dodeljena i Plaketa za negovanje i promovisanje tradicionalnih vrednosti Zlatiborskog okruga.<\/p>\n","protected":false},"excerpt":{"rendered":"<p>Udru\u017eenje U\u017ei\u010dana u Beogradu, obele\u017eilo je 17. juna jubilej, 100 godina od osnivanja, sve\u010danom akademijom u Domu vojske Srbije. Me\u0111u brojnim gostima bili su i &hellip; <\/p>\n","protected":false},"author":2,"featured_media":35376,"comment_status":"open","ping_status":"open","sticky":false,"template":"","format":"standard","meta":{"footnotes":""},"categories":[2875,5787,14,1524,2,887,12],"tags":[359,6239],"_links":{"self":[{"href":"https:\/\/centralmedia.rs\/index.php\/wp-json\/wp\/v2\/posts\/35375"}],"collection":[{"href":"https:\/\/centralmedia.rs\/index.php\/wp-json\/wp\/v2\/posts"}],"about":[{"href":"https:\/\/centralmedia.rs\/index.php\/wp-json\/wp\/v2\/types\/post"}],"author":[{"embeddable":true,"href":"https:\/\/centralmedia.rs\/index.php\/wp-json\/wp\/v2\/users\/2"}],"replies":[{"embeddable":true,"href":"https:\/\/centralmedia.rs\/index.php\/wp-json\/wp\/v2\/comments?post=35375"}],"version-history":[{"count":2,"href":"https:\/\/centralmedia.rs\/index.php\/wp-json\/wp\/v2\/posts\/35375\/revisions"}],"predecessor-version":[{"id":35388,"href":"https:\/\/centralmedia.rs\/index.php\/wp-json\/wp\/v2\/posts\/35375\/revisions\/35388"}],"wp:featuredmedia":[{"embeddable":true,"href":"https:\/\/centralmedia.rs\/index.php\/wp-json\/wp\/v2\/media\/35376"}],"wp:attachment":[{"href":"https:\/\/centralmedia.rs\/index.php\/wp-json\/wp\/v2\/media?parent=35375"}],"wp:term":[{"taxonomy":"category","embeddable":true,"href":"https:\/\/centralmedia.rs\/index.php\/wp-json\/wp\/v2\/categories?post=35375"},{"taxonomy":"post_tag","embeddable":true,"href":"https:\/\/centralmedia.rs\/index.php\/wp-json\/wp\/v2\/tags?post=35375"}],"curies":[{"name":"wp","href":"https:\/\/api.w.org\/{rel}","templated":true}]}}