{"id":35378,"date":"2023-06-20T18:17:54","date_gmt":"2023-06-20T16:17:54","guid":{"rendered":"http:\/\/centralmedia.rs\/?p=35378"},"modified":"2023-06-22T23:17:53","modified_gmt":"2023-06-22T21:17:53","slug":"zensko-preduzetnistvo-sve-jace","status":"publish","type":"post","link":"https:\/\/centralmedia.rs\/index.php\/2023\/06\/20\/zensko-preduzetnistvo-sve-jace\/","title":{"rendered":"\u017densko preduzetni\u0161tvo sve ja\u010de"},"content":{"rendered":"<p>Volim svoj \u017eivot, poruka je druge konferencije\u00a0 u organizaciji Udru\u017eenja gra\u0111ana \u201eZlata\u201c, koja je uz podr\u0161ku Saveta za rodnu ravnopravnost Op\u0161tine \u010cajetina i JP \u201eGold gondola Zlatibor\u201c odr\u017eana u subotu 17. Juna u hotelu Palisad.<\/p>\n<p><img loading=\"lazy\" decoding=\"async\" class=\"alignnone wp-image-35380 size-full\" src=\"http:\/\/centralmedia.rs\/wp-content\/uploads\/2023\/06\/ZENE1.jpg\" alt=\"\" width=\"700\" height=\"466\" srcset=\"https:\/\/centralmedia.rs\/wp-content\/uploads\/2023\/06\/ZENE1.jpg 700w, https:\/\/centralmedia.rs\/wp-content\/uploads\/2023\/06\/ZENE1-300x200.jpg 300w, https:\/\/centralmedia.rs\/wp-content\/uploads\/2023\/06\/ZENE1-631x420.jpg 631w, https:\/\/centralmedia.rs\/wp-content\/uploads\/2023\/06\/ZENE1-640x426.jpg 640w, https:\/\/centralmedia.rs\/wp-content\/uploads\/2023\/06\/ZENE1-681x453.jpg 681w\" sizes=\"(max-width: 700px) 100vw, 700px\" \/><\/p>\n<p>Preduzetnice iz Srbije i zlatiborskog kraja su unapredile znanja o komunikaciji sa zaposlenima, emotivnom zdravlju i postavljanju ciljeva, a uz razmenu iskustava u\u010desnice su do\u0161le i do novih ideja.<\/p>\n<p>Rodna ravnopravnost je oblast kojoj Op\u0161tina \u010cajetina poklanja posebnu pa\u017enju kroz pru\u017eanje podr\u0161ke svim institucijama i udru\u017eenjima koja se bave \u017eenskim preduzetni\u0161tvom, \u017eenama na selu, ali i u urbanim sredinama, kao i kroz opredeljivanje sredstava za pokretanje biznisa. U fokusu druge konferencije, pod nazivom \u201eVolim svoj \u017eivot\u201c, bilo je \u017eensko preduzetni\u0161tvo, ali iz ugla emotivnog zdravlja, poslovnog i privatnog balansa i tehnika za unapre\u0111enje biznisa.<\/p>\n<p>\u201eCilj nam je da animiramo \u017eene koje imaju manje mogu\u0107nosti da do\u0111u do informacija i da zapo\u010dnu biznis. Upravo naziv ove konferencije poru\u010duje da \u017eivot posmatramo sa vedrije strane jer na\u010din na koji razmi\u0161ljamo privla\u010di i doga\u0111aje. Mi se trudimo da, kroz Udru\u017eenje gra\u0111ana \u201eZlata\u201c i Savet za rodnu ravnopravnost Op\u0161tine \u010cajetina, organizujemo ljude u na\u0161oj sredini kako bi kreirali bolje okru\u017eenje i kako bi svi bili zadovoljniji. Broj \u017eena na konferenciji je pokazao koliko je korisno i koliko je va\u017eno da nastavimo u ovom pravcu kao i do sada kroz razli\u010dite sastanke i umre\u017eavanja \u017eena sa lokalnog ali i me\u0111unarodnog nivoa,&#8221; rekla je Bojana Bo\u017eani\u0107 ispred organizatora.<\/p>\n<p>Konferencija je bila tematski podeljena na oblasti: poslovna edukacija &#8211; ciljevi \/ poslovni i li\u010dni i biznis model, emotivna edukacija &#8211; emotivno zdravlje i komunikacija sa zaposlenima i predstavljanje lokalnih preduzetnica.<\/p>\n<p>\u201eOvo je druga konferencija koju organizujemo, a prva je bila u novembru pro\u0161le godine. U me\u0111uvremenu smo imale \u010detiri okupljanja na kojima smo pro\u0161li kroz mnogo tema,\u201c rekla je \u010dlanica Saveta za rodnu ravnopravnost Brankica Rajovi\u0107.<\/p>\n<p>\u201eMeni je drago \u0161to vidim da se sve vi\u0161e \u017eena okre\u0107e sebi, da \u017eeli da pomogne sebi i bave se preduzetni\u0161tvom jer nema uspe\u0161ne porodice ako nema uspe\u0161ne \u017eene. Godinama smo radili sa \u017eenama, naro\u010dito sa starijim \u017eenama na selu, pru\u017eaju\u0107i im podr\u0161ku jer im to mnogo zna\u010di. Podr\u017eavanjem ovih konferencija Savet pokazuje koliko ozbiljno deluje,\u201c rekla je \u010dlanica Saveta za rodnu ravnopravnost Op\u0161tine \u010cajetina Zorica Milosavljevi\u0107.<\/p>\n<p>\u201ePo\u0161to su ljudi jedan od najve\u0107ih resursa koje ima svaka kompanija, potrebno je uspostaviti dobru komunikaciju jer se na taj na\u010din podi\u017ee i produktivnost. Mi smo pri\u010dali o tome kako uspostaviti dobru komunikaciju, o va\u017enosti povratne informacije i na koji na\u010din se ona pru\u017ea da bi ona bila na\u010din li\u010dnog rasta i razvoja svakog pojedinca,&#8221; rekla je psihoterapeut i edukator dr Vesna Danilovac.<\/p>\n<p>Analiza biznisa i poslovnih ideja je pomogla u\u010desnicima da zajedni\u010dki prevazi\u0111u prepreke uz sagledavanje novih perspektiva uz pravilno formulisanje ciljeva.<\/p>\n<p>&nbsp;<\/p>\n<p>\u201eKoliko god nam se \u010dinilo da mi sve te stvari znamo, na jedan na\u010din se ciljevi ostvaruju kada su zapisani, a na druga\u010diji kada samo o njima mislimo. Obi\u010dno se ka\u017ee da kada samo mislimo onda su samo \u017eelje, a kada im damo plan onda one imaju realnost da se dogode. Na ovaj na\u010din \u017eelimo da se preduzetnice osna\u017ee u postavljanju ciljeva i na li\u010dnom i na poslovnom nivou&#8221;, rekla je biznis trener Marina Lazarevi\u0107.<\/p>\n<p>Nevena Mari\u0107 je mlada preduzetnica sa Zlatibora \u010dija firma se bavi upravljanjem i odr\u017eavanjem zgrada. Ka\u017ee da je ideju prona\u0161la u porodi\u010dnom biznisu, gra\u0111evini, koji je nadogradila dodatnim uslugama i isti\u010de da je stalna edukacija iz raznih oblasti neophodna za uspeh u poslu.<\/p>\n<p>\u201eOva konferencija mi je zna\u010dila pre svega u samom postavljanju reda u mom biznisu, kao i pravilnom odnosu prema sebi i svojim emocijama. Zadovoljna sam znanjem koje sam dobila ovde i ve\u0107 sam zabele\u017eila neke tehnike koje bih mogla da primenim u svakodnevnom radu&#8221;, rekla je Mari\u0107.<\/p>\n<p>Naj\u010de\u0161\u0107i izazov sa kojim se nose \u017eene u biznisu je uspostavljanje ravnote\u017ee izme\u0111u uloga preduzetnice, majke i supruge. Kako bi postigla zadovoljstvo li\u010dnim izborima, razvojni put budu\u0107e preduzetnice, pored savladavanja osnovnih pravila poslovanja, podrazumeva i rad na sebi, na li\u010dnom i profesionalnom nivou, zaklju\u010dak je konferencije.<\/p>\n<p>Pauzu u predavanju u\u010desnice su iskoristile za vo\u017enju zlatiborskom Gold gondolom, a na Torniku su u\u017eivale u ru\u010dku koji je prire\u0111en u kafe Vizitoru.<\/p>\n<p>Podr\u0161ku za odr\u017eavanje konferencije pru\u017eili su Op\u0161tina \u010cajetina, Savet za rodnu ravnopravnost, JP \u201eGold gondola Zlatibor&#8221; , Inovacioni Biznis centar Zlatibor, Turisti\u010dka organizacija Zlatibor, Regionalna razvojna Agencija Zlatibor, kao i brojni prijatelji udru\u017eenja: Turisti\u010dko rekreativni kompleks Zlatibor, Hotel Buket, Vinarija \u010coka,\u00a0 hotel Palisad, VIP Casa Club, kafe Vizitor, Sirana ,,Zlatne Rudine\u201d Gajevi, Papir UE, Gaga turs.<\/p>\n<p>&nbsp;<\/p>\n<p>&nbsp;<\/p>\n<p>&nbsp;<\/p>\n","protected":false},"excerpt":{"rendered":"<p>Volim svoj \u017eivot, poruka je druge konferencije\u00a0 u organizaciji Udru\u017eenja gra\u0111ana \u201eZlata\u201c, koja je uz podr\u0161ku Saveta za rodnu ravnopravnost Op\u0161tine \u010cajetina i JP \u201eGold &hellip; <\/p>\n","protected":false},"author":2,"featured_media":35379,"comment_status":"open","ping_status":"open","sticky":false,"template":"","format":"standard","meta":{"footnotes":""},"categories":[5787,2875,14,1524,2,887,12],"tags":[2762,6240],"_links":{"self":[{"href":"https:\/\/centralmedia.rs\/index.php\/wp-json\/wp\/v2\/posts\/35378"}],"collection":[{"href":"https:\/\/centralmedia.rs\/index.php\/wp-json\/wp\/v2\/posts"}],"about":[{"href":"https:\/\/centralmedia.rs\/index.php\/wp-json\/wp\/v2\/types\/post"}],"author":[{"embeddable":true,"href":"https:\/\/centralmedia.rs\/index.php\/wp-json\/wp\/v2\/users\/2"}],"replies":[{"embeddable":true,"href":"https:\/\/centralmedia.rs\/index.php\/wp-json\/wp\/v2\/comments?post=35378"}],"version-history":[{"count":1,"href":"https:\/\/centralmedia.rs\/index.php\/wp-json\/wp\/v2\/posts\/35378\/revisions"}],"predecessor-version":[{"id":35381,"href":"https:\/\/centralmedia.rs\/index.php\/wp-json\/wp\/v2\/posts\/35378\/revisions\/35381"}],"wp:featuredmedia":[{"embeddable":true,"href":"https:\/\/centralmedia.rs\/index.php\/wp-json\/wp\/v2\/media\/35379"}],"wp:attachment":[{"href":"https:\/\/centralmedia.rs\/index.php\/wp-json\/wp\/v2\/media?parent=35378"}],"wp:term":[{"taxonomy":"category","embeddable":true,"href":"https:\/\/centralmedia.rs\/index.php\/wp-json\/wp\/v2\/categories?post=35378"},{"taxonomy":"post_tag","embeddable":true,"href":"https:\/\/centralmedia.rs\/index.php\/wp-json\/wp\/v2\/tags?post=35378"}],"curies":[{"name":"wp","href":"https:\/\/api.w.org\/{rel}","templated":true}]}}